{"id":6814,"date":"2023-12-15T14:58:40","date_gmt":"2023-12-15T13:58:40","guid":{"rendered":"https:\/\/agora.xtec.cat\/ceip-salvador-espriu-roda\/?p=6814"},"modified":"2023-12-15T14:59:02","modified_gmt":"2023-12-15T13:59:02","slug":"frase-del-mes-de-desembre","status":"publish","type":"post","link":"https:\/\/agora.xtec.cat\/ceip-salvador-espriu-roda\/general\/frase-del-mes-de-desembre\/","title":{"rendered":"Frase del mes de desembre"},"content":{"rendered":"<p>La creativitat \u00e9s l\u2019habilitat d\u2019inventar i desenvolupar idees noves i originals, i com molt b\u00e9 ens diu la Laia, has de ser molt alegre, ja que el proc\u00e9s creatiu implica pensar, sentir, percebre, i intuir; i \u00e9s clar!!! Aix\u00f2 no pot fer-se, sense alegria!<\/p>\n<p><a href=\"https:\/\/agora.xtec.cat\/ceip-salvador-espriu-roda\/wp-content\/uploads\/usu1367\/2023\/12\/WhatsApp-Image-2023-12-15-at-13.47.44.jpeg\"><img loading=\"lazy\" decoding=\"async\" class=\"aligncenter wp-image-6815\" src=\"https:\/\/agora.xtec.cat\/ceip-salvador-espriu-roda\/wp-content\/uploads\/usu1367\/2023\/12\/WhatsApp-Image-2023-12-15-at-13.47.44-474x1024.jpeg\" alt=\"\" width=\"250\" height=\"541\" srcset=\"https:\/\/agora.xtec.cat\/ceip-salvador-espriu-roda\/wp-content\/uploads\/usu1367\/2023\/12\/WhatsApp-Image-2023-12-15-at-13.47.44-474x1024.jpeg 474w, https:\/\/agora.xtec.cat\/ceip-salvador-espriu-roda\/wp-content\/uploads\/usu1367\/2023\/12\/WhatsApp-Image-2023-12-15-at-13.47.44-139x300.jpeg 139w, https:\/\/agora.xtec.cat\/ceip-salvador-espriu-roda\/wp-content\/uploads\/usu1367\/2023\/12\/WhatsApp-Image-2023-12-15-at-13.47.44-710x1536.jpeg 710w, https:\/\/agora.xtec.cat\/ceip-salvador-espriu-roda\/wp-content\/uploads\/usu1367\/2023\/12\/WhatsApp-Image-2023-12-15-at-13.47.44.jpeg 740w\" sizes=\"auto, (max-width: 250px) 100vw, 250px\" \/><\/a><\/p>\n<p>&nbsp;<\/p>\n","protected":false},"excerpt":{"rendered":"<p>La creativitat \u00e9s l\u2019habilitat d\u2019inventar i desenvolupar idees noves i originals, i com molt b\u00e9 ens diu la Laia, has de ser molt alegre, ja que el proc\u00e9s creatiu implica pensar, sentir, percebre, i intuir; i \u00e9s clar!!! Aix\u00f2 no pot fer-se, sense alegria!<br \/>\n<a href=\"https:\/\/agora.xtec.cat\/ceip-salvador-espriu-roda\/wp-content\/uploads\/usu1367\/2023\/12\/WhatsApp-Image-2023-12-15-at-13.47.44.jpeg\"><\/a><br \/>\n&nbsp;<\/p>\n","protected":false},"author":1,"featured_media":6815,"comment_status":"closed","ping_status":"closed","sticky":false,"template":"","format":"standard","meta":{"_bbp_topic_count":0,"_bbp_reply_count":0,"_bbp_total_topic_count":0,"_bbp_total_reply_count":0,"_bbp_voice_count":0,"_bbp_anonymous_reply_count":0,"_bbp_topic_count_hidden":0,"_bbp_reply_count_hidden":0,"_bbp_forum_subforum_count":0,"footnotes":""},"categories":[1,103,4],"tags":[],"class_list":["post-6814","post","type-post","status-publish","format-standard","has-post-thumbnail","hentry","category-general","category-hem-fet-a-escola","category-portada"],"post_mailing_queue_ids":[],"_links":{"self":[{"href":"https:\/\/agora.xtec.cat\/ceip-salvador-espriu-roda\/wp-json\/wp\/v2\/posts\/6814","targetHints":{"allow":["GET"]}}],"collection":[{"href":"https:\/\/agora.xtec.cat\/ceip-salvador-espriu-roda\/wp-json\/wp\/v2\/posts"}],"about":[{"href":"https:\/\/agora.xtec.cat\/ceip-salvador-espriu-roda\/wp-json\/wp\/v2\/types\/post"}],"author":[{"embeddable":true,"href":"https:\/\/agora.xtec.cat\/ceip-salvador-espriu-roda\/wp-json\/wp\/v2\/users\/1"}],"replies":[{"embeddable":true,"href":"https:\/\/agora.xtec.cat\/ceip-salvador-espriu-roda\/wp-json\/wp\/v2\/comments?post=6814"}],"version-history":[{"count":3,"href":"https:\/\/agora.xtec.cat\/ceip-salvador-espriu-roda\/wp-json\/wp\/v2\/posts\/6814\/revisions"}],"predecessor-version":[{"id":6818,"href":"https:\/\/agora.xtec.cat\/ceip-salvador-espriu-roda\/wp-json\/wp\/v2\/posts\/6814\/revisions\/6818"}],"wp:featuredmedia":[{"embeddable":true,"href":"https:\/\/agora.xtec.cat\/ceip-salvador-espriu-roda\/wp-json\/wp\/v2\/media\/6815"}],"wp:attachment":[{"href":"https:\/\/agora.xtec.cat\/ceip-salvador-espriu-roda\/wp-json\/wp\/v2\/media?parent=6814"}],"wp:term":[{"taxonomy":"category","embeddable":true,"href":"https:\/\/agora.xtec.cat\/ceip-salvador-espriu-roda\/wp-json\/wp\/v2\/categories?post=6814"},{"taxonomy":"post_tag","embeddable":true,"href":"https:\/\/agora.xtec.cat\/ceip-salvador-espriu-roda\/wp-json\/wp\/v2\/tags?post=6814"}],"curies":[{"name":"wp","href":"https:\/\/api.w.org\/{rel}","templated":true}]}}