{"id":6610,"date":"2023-06-30T09:17:31","date_gmt":"2023-06-30T07:17:31","guid":{"rendered":"https:\/\/agora.xtec.cat\/ceip-salvador-espriu-roda\/?p=6610"},"modified":"2023-06-30T09:17:31","modified_gmt":"2023-06-30T07:17:31","slug":"val-escolar","status":"publish","type":"post","link":"https:\/\/agora.xtec.cat\/ceip-salvador-espriu-roda\/general\/val-escolar\/","title":{"rendered":"Val escolar"},"content":{"rendered":"<p>Hola fam\u00edlies,<\/p>\n<p>Us deixem l&#8217;enlla\u00e7 de la p\u00e0gina per poder sol\u00b7licitar el val escolar pel curs vinent. El <strong>val escolar de 100 euros<\/strong>\u00a0s\u2019adre\u00e7a a les fam\u00edlies amb alumnes que el curs 2023-2024 facin entre 1r i 6\u00e8 de prim\u00e0ria en centres p\u00fablics o concertats.<\/p>\n<p>Si cliqueu a la imatge hi podreu accedir.<\/p>\n<p><a href=\"https:\/\/www.valescolar.cat\/\"><img loading=\"lazy\" decoding=\"async\" class=\"aligncenter wp-image-6611\" src=\"https:\/\/agora.xtec.cat\/ceip-salvador-espriu-roda\/wp-content\/uploads\/usu1367\/2023\/06\/20230619_val.png_1377870808.png\" alt=\"\" width=\"1000\" height=\"661\" srcset=\"https:\/\/agora.xtec.cat\/ceip-salvador-espriu-roda\/wp-content\/uploads\/usu1367\/2023\/06\/20230619_val.png_1377870808.png 1400w, https:\/\/agora.xtec.cat\/ceip-salvador-espriu-roda\/wp-content\/uploads\/usu1367\/2023\/06\/20230619_val.png_1377870808-300x198.png 300w, https:\/\/agora.xtec.cat\/ceip-salvador-espriu-roda\/wp-content\/uploads\/usu1367\/2023\/06\/20230619_val.png_1377870808-1024x677.png 1024w, https:\/\/agora.xtec.cat\/ceip-salvador-espriu-roda\/wp-content\/uploads\/usu1367\/2023\/06\/20230619_val.png_1377870808-768x507.png 768w\" sizes=\"auto, (max-width: 1000px) 100vw, 1000px\" \/><\/a><\/p>\n","protected":false},"excerpt":{"rendered":"<p>Hola fam\u00edlies,<br \/>\nUs deixem l&#8217;enlla\u00e7 de la p\u00e0gina per poder sol\u00b7licitar el val escolar pel curs vinent. El val escolar de 100 euros\u00a0s\u2019adre\u00e7a a les fam\u00edlies amb alumnes que el curs 2023-2024 facin entre 1r i 6\u00e8 de prim\u00e0ria en centres p\u00fablics o concertats.<br \/>\nSi cliqueu a&hellip;  <a href=\"https:\/\/agora.xtec.cat\/ceip-salvador-espriu-roda\/general\/val-escolar\/\" title=\"Read Val escolar\">Llegeix m\u00e9s\u00bb<\/a><\/p>\n","protected":false},"author":1,"featured_media":6611,"comment_status":"closed","ping_status":"closed","sticky":false,"template":"","format":"standard","meta":{"_bbp_topic_count":0,"_bbp_reply_count":0,"_bbp_total_topic_count":0,"_bbp_total_reply_count":0,"_bbp_voice_count":0,"_bbp_anonymous_reply_count":0,"_bbp_topic_count_hidden":0,"_bbp_reply_count_hidden":0,"_bbp_forum_subforum_count":0,"footnotes":""},"categories":[1,55,4],"tags":[],"class_list":["post-6610","post","type-post","status-publish","format-standard","has-post-thumbnail","hentry","category-general","category-informacions-diverses","category-portada"],"post_mailing_queue_ids":[],"_links":{"self":[{"href":"https:\/\/agora.xtec.cat\/ceip-salvador-espriu-roda\/wp-json\/wp\/v2\/posts\/6610","targetHints":{"allow":["GET"]}}],"collection":[{"href":"https:\/\/agora.xtec.cat\/ceip-salvador-espriu-roda\/wp-json\/wp\/v2\/posts"}],"about":[{"href":"https:\/\/agora.xtec.cat\/ceip-salvador-espriu-roda\/wp-json\/wp\/v2\/types\/post"}],"author":[{"embeddable":true,"href":"https:\/\/agora.xtec.cat\/ceip-salvador-espriu-roda\/wp-json\/wp\/v2\/users\/1"}],"replies":[{"embeddable":true,"href":"https:\/\/agora.xtec.cat\/ceip-salvador-espriu-roda\/wp-json\/wp\/v2\/comments?post=6610"}],"version-history":[{"count":3,"href":"https:\/\/agora.xtec.cat\/ceip-salvador-espriu-roda\/wp-json\/wp\/v2\/posts\/6610\/revisions"}],"predecessor-version":[{"id":6615,"href":"https:\/\/agora.xtec.cat\/ceip-salvador-espriu-roda\/wp-json\/wp\/v2\/posts\/6610\/revisions\/6615"}],"wp:featuredmedia":[{"embeddable":true,"href":"https:\/\/agora.xtec.cat\/ceip-salvador-espriu-roda\/wp-json\/wp\/v2\/media\/6611"}],"wp:attachment":[{"href":"https:\/\/agora.xtec.cat\/ceip-salvador-espriu-roda\/wp-json\/wp\/v2\/media?parent=6610"}],"wp:term":[{"taxonomy":"category","embeddable":true,"href":"https:\/\/agora.xtec.cat\/ceip-salvador-espriu-roda\/wp-json\/wp\/v2\/categories?post=6610"},{"taxonomy":"post_tag","embeddable":true,"href":"https:\/\/agora.xtec.cat\/ceip-salvador-espriu-roda\/wp-json\/wp\/v2\/tags?post=6610"}],"curies":[{"name":"wp","href":"https:\/\/api.w.org\/{rel}","templated":true}]}}