{"id":6482,"date":"2023-04-24T10:29:35","date_gmt":"2023-04-24T08:29:35","guid":{"rendered":"https:\/\/agora.xtec.cat\/ceip-salvador-espriu-roda\/?p=6482"},"modified":"2023-04-24T10:58:59","modified_gmt":"2023-04-24T08:58:59","slug":"llistat-amb-el-barem-provisional","status":"publish","type":"post","link":"https:\/\/agora.xtec.cat\/ceip-salvador-espriu-roda\/general\/llistat-amb-el-barem-provisional\/","title":{"rendered":"Llistat amb el barem provisional"},"content":{"rendered":"<p>Tal com estableix el calendari que regeix el proc\u00e9s de preinscripci\u00f3, pel curs 2023-2024, publiquem el llistat amb el barem provisional, si cliqueu a la imatge podreu accedir a l&#8217;arxiu.<\/p>\n<p><a href=\"https:\/\/agora.xtec.cat\/ceip-salvador-espriu-roda\/wp-content\/uploads\/usu1367\/2023\/04\/INFORME_BAREM_PROVISIONAL_BAREM-1.pdf\"><img loading=\"lazy\" decoding=\"async\" class=\"aligncenter wp-image-6485\" src=\"https:\/\/agora.xtec.cat\/ceip-salvador-espriu-roda\/wp-content\/uploads\/usu1367\/2023\/04\/LLISTAT-PROVISIONAL-300x160.jpg\" alt=\"\" width=\"350\" height=\"187\" srcset=\"https:\/\/agora.xtec.cat\/ceip-salvador-espriu-roda\/wp-content\/uploads\/usu1367\/2023\/04\/LLISTAT-PROVISIONAL-300x160.jpg 300w, https:\/\/agora.xtec.cat\/ceip-salvador-espriu-roda\/wp-content\/uploads\/usu1367\/2023\/04\/LLISTAT-PROVISIONAL-768x410.jpg 768w, https:\/\/agora.xtec.cat\/ceip-salvador-espriu-roda\/wp-content\/uploads\/usu1367\/2023\/04\/LLISTAT-PROVISIONAL.jpg 1024w\" sizes=\"auto, (max-width: 350px) 100vw, 350px\" \/><\/a><\/p>\n<p>Recordeu que, des del dia d&#8217;avui i fins al 27 d&#8217;abril, s&#8217;obre el termini per presentar reclamacions de la puntuaci\u00f3 provisional, que s&#8217;hauran de presentar telem\u00e0ticament. Es pot fer des de la Consulta la llista de sol\u00b7licituds amb la puntuaci\u00f3 provisional o des de l\u2019opci\u00f3 \u201cFes el seguiment de la teva sol\u00b7licitud\u201d de la web preinscripcio.gencat.cat. A m\u00e9s, teniu a la vostra disposici\u00f3 el v\u00eddeo tutorial Com presentar una reclamaci\u00f3 contra la llista amb la puntuaci\u00f3 provisional.<\/p>\n","protected":false},"excerpt":{"rendered":"<p>Tal com estableix el calendari que regeix el proc\u00e9s de preinscripci\u00f3, pel curs 2023-2024, publiquem el llistat amb el barem provisional, si cliqueu a la imatge podreu accedir a l&#8217;arxiu.<br \/>\n<a href=\"https:\/\/agora.xtec.cat\/ceip-salvador-espriu-roda\/wp-content\/uploads\/usu1367\/2023\/04\/INFORME_BAREM_PROVISIONAL_BAREM-1.pdf\"><\/a><br \/>\nRecordeu que, des del dia d&#8217;avui i fins al 27 d&#8217;abril, s&#8217;obre el termini per&hellip;  <a href=\"https:\/\/agora.xtec.cat\/ceip-salvador-espriu-roda\/general\/llistat-amb-el-barem-provisional\/\" title=\"Read Llistat amb el barem provisional\">Llegeix m\u00e9s\u00bb<\/a><\/p>\n","protected":false},"author":1,"featured_media":6485,"comment_status":"closed","ping_status":"closed","sticky":false,"template":"","format":"standard","meta":{"_bbp_topic_count":0,"_bbp_reply_count":0,"_bbp_total_topic_count":0,"_bbp_total_reply_count":0,"_bbp_voice_count":0,"_bbp_anonymous_reply_count":0,"_bbp_topic_count_hidden":0,"_bbp_reply_count_hidden":0,"_bbp_forum_subforum_count":0,"footnotes":""},"categories":[1,55,4],"tags":[],"class_list":["post-6482","post","type-post","status-publish","format-standard","has-post-thumbnail","hentry","category-general","category-informacions-diverses","category-portada"],"post_mailing_queue_ids":[],"_links":{"self":[{"href":"https:\/\/agora.xtec.cat\/ceip-salvador-espriu-roda\/wp-json\/wp\/v2\/posts\/6482","targetHints":{"allow":["GET"]}}],"collection":[{"href":"https:\/\/agora.xtec.cat\/ceip-salvador-espriu-roda\/wp-json\/wp\/v2\/posts"}],"about":[{"href":"https:\/\/agora.xtec.cat\/ceip-salvador-espriu-roda\/wp-json\/wp\/v2\/types\/post"}],"author":[{"embeddable":true,"href":"https:\/\/agora.xtec.cat\/ceip-salvador-espriu-roda\/wp-json\/wp\/v2\/users\/1"}],"replies":[{"embeddable":true,"href":"https:\/\/agora.xtec.cat\/ceip-salvador-espriu-roda\/wp-json\/wp\/v2\/comments?post=6482"}],"version-history":[{"count":3,"href":"https:\/\/agora.xtec.cat\/ceip-salvador-espriu-roda\/wp-json\/wp\/v2\/posts\/6482\/revisions"}],"predecessor-version":[{"id":6488,"href":"https:\/\/agora.xtec.cat\/ceip-salvador-espriu-roda\/wp-json\/wp\/v2\/posts\/6482\/revisions\/6488"}],"wp:featuredmedia":[{"embeddable":true,"href":"https:\/\/agora.xtec.cat\/ceip-salvador-espriu-roda\/wp-json\/wp\/v2\/media\/6485"}],"wp:attachment":[{"href":"https:\/\/agora.xtec.cat\/ceip-salvador-espriu-roda\/wp-json\/wp\/v2\/media?parent=6482"}],"wp:term":[{"taxonomy":"category","embeddable":true,"href":"https:\/\/agora.xtec.cat\/ceip-salvador-espriu-roda\/wp-json\/wp\/v2\/categories?post=6482"},{"taxonomy":"post_tag","embeddable":true,"href":"https:\/\/agora.xtec.cat\/ceip-salvador-espriu-roda\/wp-json\/wp\/v2\/tags?post=6482"}],"curies":[{"name":"wp","href":"https:\/\/api.w.org\/{rel}","templated":true}]}}