{"id":6475,"date":"2023-04-24T09:21:03","date_gmt":"2023-04-24T07:21:03","guid":{"rendered":"https:\/\/agora.xtec.cat\/ceip-salvador-espriu-roda\/?p=6475"},"modified":"2023-04-24T09:21:52","modified_gmt":"2023-04-24T07:21:52","slug":"celebrem-10-anys-descola-verda","status":"publish","type":"post","link":"https:\/\/agora.xtec.cat\/ceip-salvador-espriu-roda\/general\/celebrem-10-anys-descola-verda\/","title":{"rendered":"Celebrem 10 anys d&#8217;escola verda"},"content":{"rendered":"<p>Enguany celebrem el 10\u00e8 aniversari d&#8217;escola verda, i per aix\u00f2 durant tota la setmana hem realitzat tallers d&#8217;educaci\u00f3 mediambiental. Avui divendres 24 d&#8217;abril hem fet uns tallers intercicles en relaci\u00f3 amb la Fashion revolution Day ( dia de la roba sostenible). <!--more-->Els delegats\u00a0de l&#8217;escola han realitzat uns parlaments, hem bufat les espelmes del past\u00eds verd i per acabar hem plantat tres nous arbres al pati d&#8217;educaci\u00f3 prim\u00e0ria.<\/p>\n<p>A banda d&#8217;aquestes actuacions tamb\u00e9 hem organitzat un RID (punt de regalo, intercanvio i dono) on s&#8217;ha facilitat l&#8217;intercanvi de roba per tal de donar-li una segona vida.<br \/>\nTot aix\u00f2 amb l&#8217;objectiu de fer de la nostra comunitat educativa, una comunitat amb consci\u00e8ncia ecol\u00f2gica i avan\u00e7ar com escola que treballa els ODS.<\/p>\n<p>Us deixem unes imatges d&#8217;aquest dia:\u00a0<a href=\"https:\/\/photos.app.goo.gl\/zPFj7tKhzLMGC1tX8\">10\u00e8 aniversari escola verda<\/a><\/p>\n","protected":false},"excerpt":{"rendered":"<p>Enguany celebrem el 10\u00e8 aniversari d&#8217;escola verda, i per aix\u00f2 durant tota la setmana hem realitzat tallers d&#8217;educaci\u00f3 mediambiental. Avui divendres 24 d&#8217;abril hem fet uns tallers intercicles en relaci\u00f3 amb la Fashion revolution Day ( dia de la roba sostenible). <\/p>\n","protected":false},"author":1,"featured_media":6477,"comment_status":"closed","ping_status":"closed","sticky":false,"template":"","format":"standard","meta":{"_bbp_topic_count":0,"_bbp_reply_count":0,"_bbp_total_topic_count":0,"_bbp_total_reply_count":0,"_bbp_voice_count":0,"_bbp_anonymous_reply_count":0,"_bbp_topic_count_hidden":0,"_bbp_reply_count_hidden":0,"_bbp_forum_subforum_count":0,"footnotes":""},"categories":[81,1,103,4,77],"tags":[],"class_list":["post-6475","post","type-post","status-publish","format-standard","has-post-thumbnail","hentry","category-escoles-verdes","category-general","category-hem-fet-a-escola","category-portada","category-projectes"],"post_mailing_queue_ids":[],"_links":{"self":[{"href":"https:\/\/agora.xtec.cat\/ceip-salvador-espriu-roda\/wp-json\/wp\/v2\/posts\/6475","targetHints":{"allow":["GET"]}}],"collection":[{"href":"https:\/\/agora.xtec.cat\/ceip-salvador-espriu-roda\/wp-json\/wp\/v2\/posts"}],"about":[{"href":"https:\/\/agora.xtec.cat\/ceip-salvador-espriu-roda\/wp-json\/wp\/v2\/types\/post"}],"author":[{"embeddable":true,"href":"https:\/\/agora.xtec.cat\/ceip-salvador-espriu-roda\/wp-json\/wp\/v2\/users\/1"}],"replies":[{"embeddable":true,"href":"https:\/\/agora.xtec.cat\/ceip-salvador-espriu-roda\/wp-json\/wp\/v2\/comments?post=6475"}],"version-history":[{"count":2,"href":"https:\/\/agora.xtec.cat\/ceip-salvador-espriu-roda\/wp-json\/wp\/v2\/posts\/6475\/revisions"}],"predecessor-version":[{"id":6478,"href":"https:\/\/agora.xtec.cat\/ceip-salvador-espriu-roda\/wp-json\/wp\/v2\/posts\/6475\/revisions\/6478"}],"wp:featuredmedia":[{"embeddable":true,"href":"https:\/\/agora.xtec.cat\/ceip-salvador-espriu-roda\/wp-json\/wp\/v2\/media\/6477"}],"wp:attachment":[{"href":"https:\/\/agora.xtec.cat\/ceip-salvador-espriu-roda\/wp-json\/wp\/v2\/media?parent=6475"}],"wp:term":[{"taxonomy":"category","embeddable":true,"href":"https:\/\/agora.xtec.cat\/ceip-salvador-espriu-roda\/wp-json\/wp\/v2\/categories?post=6475"},{"taxonomy":"post_tag","embeddable":true,"href":"https:\/\/agora.xtec.cat\/ceip-salvador-espriu-roda\/wp-json\/wp\/v2\/tags?post=6475"}],"curies":[{"name":"wp","href":"https:\/\/api.w.org\/{rel}","templated":true}]}}