{"id":6394,"date":"2023-03-27T09:07:05","date_gmt":"2023-03-27T07:07:05","guid":{"rendered":"https:\/\/agora.xtec.cat\/ceip-salvador-espriu-roda\/?p=6394"},"modified":"2023-03-27T09:09:12","modified_gmt":"2023-03-27T07:09:12","slug":"certamen-de-lectura-en-veu-alta-3","status":"publish","type":"post","link":"https:\/\/agora.xtec.cat\/ceip-salvador-espriu-roda\/general\/certamen-de-lectura-en-veu-alta-3\/","title":{"rendered":"Certamen de lectura en veu alta"},"content":{"rendered":"<p>Hola fam\u00edlies.<\/p>\n<p>Aquesta setmana hem participat al Certamen de lectura en veu alta. \u00c9s un projecte que t\u00e9 la missi\u00f3 de promoure la literatura i la llengua per mitj\u00e0 de la lectura compartida. Al nostre centre ho han fet el Pau Elias Pardo de 3r i el V\u00edctor Carrasco de 6\u00e8.<\/p>\n<p>Us deixem l&#8217;enlla\u00e7 als v\u00eddeos: <a href=\"https:\/\/photos.app.goo.gl\/xR4WY7tuDWLnK8MY6\">Certamen lectura en veu alta<\/a><\/p>\n","protected":false},"excerpt":{"rendered":"<p>Hola fam\u00edlies.<br \/>\nAquesta setmana hem participat al Certamen de lectura en veu alta. \u00c9s un projecte que t\u00e9 la missi\u00f3 de promoure la literatura i la llengua per mitj\u00e0 de la lectura compartida. Al nostre centre ho han fet el Pau Elias Pardo de 3r i&hellip;  <a href=\"https:\/\/agora.xtec.cat\/ceip-salvador-espriu-roda\/general\/certamen-de-lectura-en-veu-alta-3\/\" title=\"Read Certamen de lectura en veu alta\">Llegeix m\u00e9s\u00bb<\/a><\/p>\n","protected":false},"author":1,"featured_media":0,"comment_status":"open","ping_status":"closed","sticky":false,"template":"","format":"standard","meta":{"_bbp_topic_count":0,"_bbp_reply_count":0,"_bbp_total_topic_count":0,"_bbp_total_reply_count":0,"_bbp_voice_count":0,"_bbp_anonymous_reply_count":0,"_bbp_topic_count_hidden":0,"_bbp_reply_count_hidden":0,"_bbp_forum_subforum_count":0,"footnotes":""},"categories":[1,55,4,108],"tags":[],"class_list":["post-6394","post","type-post","status-publish","format-standard","hentry","category-general","category-informacions-diverses","category-portada","category-primaria"],"post_mailing_queue_ids":[],"_links":{"self":[{"href":"https:\/\/agora.xtec.cat\/ceip-salvador-espriu-roda\/wp-json\/wp\/v2\/posts\/6394","targetHints":{"allow":["GET"]}}],"collection":[{"href":"https:\/\/agora.xtec.cat\/ceip-salvador-espriu-roda\/wp-json\/wp\/v2\/posts"}],"about":[{"href":"https:\/\/agora.xtec.cat\/ceip-salvador-espriu-roda\/wp-json\/wp\/v2\/types\/post"}],"author":[{"embeddable":true,"href":"https:\/\/agora.xtec.cat\/ceip-salvador-espriu-roda\/wp-json\/wp\/v2\/users\/1"}],"replies":[{"embeddable":true,"href":"https:\/\/agora.xtec.cat\/ceip-salvador-espriu-roda\/wp-json\/wp\/v2\/comments?post=6394"}],"version-history":[{"count":2,"href":"https:\/\/agora.xtec.cat\/ceip-salvador-espriu-roda\/wp-json\/wp\/v2\/posts\/6394\/revisions"}],"predecessor-version":[{"id":6396,"href":"https:\/\/agora.xtec.cat\/ceip-salvador-espriu-roda\/wp-json\/wp\/v2\/posts\/6394\/revisions\/6396"}],"wp:attachment":[{"href":"https:\/\/agora.xtec.cat\/ceip-salvador-espriu-roda\/wp-json\/wp\/v2\/media?parent=6394"}],"wp:term":[{"taxonomy":"category","embeddable":true,"href":"https:\/\/agora.xtec.cat\/ceip-salvador-espriu-roda\/wp-json\/wp\/v2\/categories?post=6394"},{"taxonomy":"post_tag","embeddable":true,"href":"https:\/\/agora.xtec.cat\/ceip-salvador-espriu-roda\/wp-json\/wp\/v2\/tags?post=6394"}],"curies":[{"name":"wp","href":"https:\/\/api.w.org\/{rel}","templated":true}]}}