{"id":6267,"date":"2023-02-13T09:11:26","date_gmt":"2023-02-13T08:11:26","guid":{"rendered":"https:\/\/agora.xtec.cat\/ceip-salvador-espriu-roda\/?p=6267"},"modified":"2023-02-13T09:15:23","modified_gmt":"2023-02-13T08:15:23","slug":"coneixem-laula-de-musica","status":"publish","type":"post","link":"https:\/\/agora.xtec.cat\/ceip-salvador-espriu-roda\/general\/coneixem-laula-de-musica\/","title":{"rendered":"Coneixem l&#8217;aula de m\u00fasica"},"content":{"rendered":"<p style=\"text-align: justify;\">Els nens i nenes d\u2019 I3 hem conegut l\u2019espai de l\u2019aula de m\u00fasica mitjan\u00e7ant un cam\u00ed amb diverses propostes amb diferents materials que podem trobar a l\u2019aula.<!--more--><\/p>\n<p style=\"text-align: justify;\">Ens hem relaxat al rac\u00f3 dels contes de m\u00fasica, hem tocat i experimentat amb diferents instruments de la petita percussi\u00f3, hem fet ballar cercles, ens hem expressat dansant amb teles de colors a trav\u00e9s de la m\u00fasica escoltada i hem gaudit molt experimentant, escoltant i tocant melodies amb alguns dels pianos de la classe\u2026<\/p>\n<p style=\"text-align: justify;\">Ara ja estem preparats per poder gaudir d\u2019aquesta aula que tant ens agrada!<\/p>\n<p style=\"text-align: justify;\">L\u2019experimentaci\u00f3 sonora en aquesta aula ens proporcionar\u00e0 eines per despertar la part m\u00e9s explorat\u00f2ria i creativa potenciant: aconseguir el gust pel so, despertar la dimensi\u00f3 imagin\u00e0ria de la m\u00fasica i gaudir de l\u2019organitzaci\u00f3 sonora i musical.<\/p>\n<p style=\"text-align: justify;\">Tamb\u00e9, amb els diferents recursos i materials que utilitzarem contribuirem al desenvolupament de les habilitats expressives i comunicatives, tant ling\u00fc\u00edstiques com musicals, fomentant aix\u00ed l\u2019escolta activa i el desenvolupament de la capacitat d\u2019escolta i l\u2019atenci\u00f3.<\/p>\n<p>Si cliqueu a la imatge hi podreu accedir al v\u00eddeo.<\/p>\n<p><a href=\"https:\/\/photos.app.goo.gl\/XoBKkxDZ1yU93E2K7\"><img loading=\"lazy\" decoding=\"async\" class=\"aligncenter wp-image-6268 size-medium\" src=\"https:\/\/agora.xtec.cat\/ceip-salvador-espriu-roda\/wp-content\/uploads\/usu1367\/2023\/02\/a-169x300.png\" alt=\"\" width=\"169\" height=\"300\" srcset=\"https:\/\/agora.xtec.cat\/ceip-salvador-espriu-roda\/wp-content\/uploads\/usu1367\/2023\/02\/a-169x300.png 169w, https:\/\/agora.xtec.cat\/ceip-salvador-espriu-roda\/wp-content\/uploads\/usu1367\/2023\/02\/a-575x1024.png 575w, https:\/\/agora.xtec.cat\/ceip-salvador-espriu-roda\/wp-content\/uploads\/usu1367\/2023\/02\/a.png 601w\" sizes=\"auto, (max-width: 169px) 100vw, 169px\" \/><\/a><\/p>\n","protected":false},"excerpt":{"rendered":"<p>Els nens i nenes d\u2019 I3 hem conegut l\u2019espai de l\u2019aula de m\u00fasica mitjan\u00e7ant un cam\u00ed amb diverses propostes amb diferents materials que podem trobar a l\u2019aula.<\/p>\n","protected":false},"author":1,"featured_media":6268,"comment_status":"closed","ping_status":"closed","sticky":false,"template":"","format":"standard","meta":{"_bbp_topic_count":0,"_bbp_reply_count":0,"_bbp_total_topic_count":0,"_bbp_total_reply_count":0,"_bbp_voice_count":0,"_bbp_anonymous_reply_count":0,"_bbp_topic_count_hidden":0,"_bbp_reply_count_hidden":0,"_bbp_forum_subforum_count":0,"footnotes":""},"categories":[1,103,105,104,4],"tags":[],"class_list":["post-6267","post","type-post","status-publish","format-standard","has-post-thumbnail","hentry","category-general","category-hem-fet-a-escola","category-i3","category-infantil","category-portada"],"post_mailing_queue_ids":[],"_links":{"self":[{"href":"https:\/\/agora.xtec.cat\/ceip-salvador-espriu-roda\/wp-json\/wp\/v2\/posts\/6267","targetHints":{"allow":["GET"]}}],"collection":[{"href":"https:\/\/agora.xtec.cat\/ceip-salvador-espriu-roda\/wp-json\/wp\/v2\/posts"}],"about":[{"href":"https:\/\/agora.xtec.cat\/ceip-salvador-espriu-roda\/wp-json\/wp\/v2\/types\/post"}],"author":[{"embeddable":true,"href":"https:\/\/agora.xtec.cat\/ceip-salvador-espriu-roda\/wp-json\/wp\/v2\/users\/1"}],"replies":[{"embeddable":true,"href":"https:\/\/agora.xtec.cat\/ceip-salvador-espriu-roda\/wp-json\/wp\/v2\/comments?post=6267"}],"version-history":[{"count":3,"href":"https:\/\/agora.xtec.cat\/ceip-salvador-espriu-roda\/wp-json\/wp\/v2\/posts\/6267\/revisions"}],"predecessor-version":[{"id":6272,"href":"https:\/\/agora.xtec.cat\/ceip-salvador-espriu-roda\/wp-json\/wp\/v2\/posts\/6267\/revisions\/6272"}],"wp:featuredmedia":[{"embeddable":true,"href":"https:\/\/agora.xtec.cat\/ceip-salvador-espriu-roda\/wp-json\/wp\/v2\/media\/6268"}],"wp:attachment":[{"href":"https:\/\/agora.xtec.cat\/ceip-salvador-espriu-roda\/wp-json\/wp\/v2\/media?parent=6267"}],"wp:term":[{"taxonomy":"category","embeddable":true,"href":"https:\/\/agora.xtec.cat\/ceip-salvador-espriu-roda\/wp-json\/wp\/v2\/categories?post=6267"},{"taxonomy":"post_tag","embeddable":true,"href":"https:\/\/agora.xtec.cat\/ceip-salvador-espriu-roda\/wp-json\/wp\/v2\/tags?post=6267"}],"curies":[{"name":"wp","href":"https:\/\/api.w.org\/{rel}","templated":true}]}}