{"id":6232,"date":"2023-01-31T12:57:17","date_gmt":"2023-01-31T11:57:17","guid":{"rendered":"https:\/\/agora.xtec.cat\/ceip-salvador-espriu-roda\/?p=6232"},"modified":"2023-01-31T12:57:51","modified_gmt":"2023-01-31T11:57:51","slug":"jo-descric-i-tu-dibuixes","status":"publish","type":"post","link":"https:\/\/agora.xtec.cat\/ceip-salvador-espriu-roda\/general\/jo-descric-i-tu-dibuixes\/","title":{"rendered":"Jo descric i tu dibuixes!"},"content":{"rendered":"<p class=\"western\" style=\"text-align: justify;\" align=\"justify\">Els i les alumnes de 4t hem realitzat una activitat molt divertida per treballar l\u2019expressi\u00f3 escrita: la descripci\u00f3 d\u2019un robot!<!--more--><\/p>\n<p class=\"western\" style=\"text-align: justify;\" align=\"justify\">Cada alumne\/a ha dibuixat un robot i, seguidament, n\u2019ha dut a terme una descripci\u00f3 el m\u00e9s detallada possible per tal que un company\/a, sense mirar el dibuix i nom\u00e9s llegint la descripci\u00f3, pugui dibuixar el robot.<\/p>\n<p class=\"western\" style=\"text-align: justify;\" align=\"justify\">Finalment, s\u2019ha fet un treball d\u2019autoavaluaci\u00f3 comparant els dos robots i mirant qu\u00e8 ha faltat a la descripci\u00f3 per aconseguir que el company\/a pogu\u00e9s aproximar-se, encara m\u00e9s, al robot original.<\/p>\n<p class=\"western\" style=\"text-align: justify;\" align=\"justify\">Aqu\u00ed us deixem unes imatges on podeu veure el resultat final. Esperem que us agradi tant com ens ha agradat a nosaltres!<\/p>\n<p align=\"justify\"><a href=\"https:\/\/agora.xtec.cat\/ceip-salvador-espriu-roda\/wp-content\/uploads\/usu1367\/2023\/01\/WhatsApp-Image-2023-01-30-at-11.37.41.jpeg\"><img loading=\"lazy\" decoding=\"async\" class=\"size-medium wp-image-6233 alignleft\" src=\"https:\/\/agora.xtec.cat\/ceip-salvador-espriu-roda\/wp-content\/uploads\/usu1367\/2023\/01\/WhatsApp-Image-2023-01-30-at-11.37.41-300x225.jpeg\" alt=\"\" width=\"300\" height=\"225\" srcset=\"https:\/\/agora.xtec.cat\/ceip-salvador-espriu-roda\/wp-content\/uploads\/usu1367\/2023\/01\/WhatsApp-Image-2023-01-30-at-11.37.41-300x225.jpeg 300w, https:\/\/agora.xtec.cat\/ceip-salvador-espriu-roda\/wp-content\/uploads\/usu1367\/2023\/01\/WhatsApp-Image-2023-01-30-at-11.37.41-1024x768.jpeg 1024w, https:\/\/agora.xtec.cat\/ceip-salvador-espriu-roda\/wp-content\/uploads\/usu1367\/2023\/01\/WhatsApp-Image-2023-01-30-at-11.37.41-768x576.jpeg 768w, https:\/\/agora.xtec.cat\/ceip-salvador-espriu-roda\/wp-content\/uploads\/usu1367\/2023\/01\/WhatsApp-Image-2023-01-30-at-11.37.41-1536x1152.jpeg 1536w, https:\/\/agora.xtec.cat\/ceip-salvador-espriu-roda\/wp-content\/uploads\/usu1367\/2023\/01\/WhatsApp-Image-2023-01-30-at-11.37.41-200x150.jpeg 200w, https:\/\/agora.xtec.cat\/ceip-salvador-espriu-roda\/wp-content\/uploads\/usu1367\/2023\/01\/WhatsApp-Image-2023-01-30-at-11.37.41.jpeg 2048w\" sizes=\"auto, (max-width: 300px) 100vw, 300px\" \/><\/a> <a href=\"https:\/\/agora.xtec.cat\/ceip-salvador-espriu-roda\/wp-content\/uploads\/usu1367\/2023\/01\/WhatsApp-Image-2023-01-30-at-11.37.42-1.jpeg\"><img loading=\"lazy\" decoding=\"async\" class=\"alignleft wp-image-6234 size-medium\" src=\"https:\/\/agora.xtec.cat\/ceip-salvador-espriu-roda\/wp-content\/uploads\/usu1367\/2023\/01\/WhatsApp-Image-2023-01-30-at-11.37.42-1-300x225.jpeg\" alt=\"\" width=\"300\" height=\"225\" srcset=\"https:\/\/agora.xtec.cat\/ceip-salvador-espriu-roda\/wp-content\/uploads\/usu1367\/2023\/01\/WhatsApp-Image-2023-01-30-at-11.37.42-1-300x225.jpeg 300w, https:\/\/agora.xtec.cat\/ceip-salvador-espriu-roda\/wp-content\/uploads\/usu1367\/2023\/01\/WhatsApp-Image-2023-01-30-at-11.37.42-1-1024x768.jpeg 1024w, https:\/\/agora.xtec.cat\/ceip-salvador-espriu-roda\/wp-content\/uploads\/usu1367\/2023\/01\/WhatsApp-Image-2023-01-30-at-11.37.42-1-768x576.jpeg 768w, https:\/\/agora.xtec.cat\/ceip-salvador-espriu-roda\/wp-content\/uploads\/usu1367\/2023\/01\/WhatsApp-Image-2023-01-30-at-11.37.42-1-1536x1152.jpeg 1536w, https:\/\/agora.xtec.cat\/ceip-salvador-espriu-roda\/wp-content\/uploads\/usu1367\/2023\/01\/WhatsApp-Image-2023-01-30-at-11.37.42-1-200x150.jpeg 200w, https:\/\/agora.xtec.cat\/ceip-salvador-espriu-roda\/wp-content\/uploads\/usu1367\/2023\/01\/WhatsApp-Image-2023-01-30-at-11.37.42-1.jpeg 2048w\" sizes=\"auto, (max-width: 300px) 100vw, 300px\" \/><\/a> <a href=\"https:\/\/agora.xtec.cat\/ceip-salvador-espriu-roda\/wp-content\/uploads\/usu1367\/2023\/01\/WhatsApp-Image-2023-01-30-at-11.37.42.jpeg\"><img loading=\"lazy\" decoding=\"async\" class=\"alignleft wp-image-6235 size-medium\" src=\"https:\/\/agora.xtec.cat\/ceip-salvador-espriu-roda\/wp-content\/uploads\/usu1367\/2023\/01\/WhatsApp-Image-2023-01-30-at-11.37.42-300x225.jpeg\" alt=\"\" width=\"300\" height=\"225\" srcset=\"https:\/\/agora.xtec.cat\/ceip-salvador-espriu-roda\/wp-content\/uploads\/usu1367\/2023\/01\/WhatsApp-Image-2023-01-30-at-11.37.42-300x225.jpeg 300w, https:\/\/agora.xtec.cat\/ceip-salvador-espriu-roda\/wp-content\/uploads\/usu1367\/2023\/01\/WhatsApp-Image-2023-01-30-at-11.37.42-1024x768.jpeg 1024w, https:\/\/agora.xtec.cat\/ceip-salvador-espriu-roda\/wp-content\/uploads\/usu1367\/2023\/01\/WhatsApp-Image-2023-01-30-at-11.37.42-768x576.jpeg 768w, https:\/\/agora.xtec.cat\/ceip-salvador-espriu-roda\/wp-content\/uploads\/usu1367\/2023\/01\/WhatsApp-Image-2023-01-30-at-11.37.42-1536x1152.jpeg 1536w, https:\/\/agora.xtec.cat\/ceip-salvador-espriu-roda\/wp-content\/uploads\/usu1367\/2023\/01\/WhatsApp-Image-2023-01-30-at-11.37.42-200x150.jpeg 200w, https:\/\/agora.xtec.cat\/ceip-salvador-espriu-roda\/wp-content\/uploads\/usu1367\/2023\/01\/WhatsApp-Image-2023-01-30-at-11.37.42.jpeg 2048w\" sizes=\"auto, (max-width: 300px) 100vw, 300px\" \/><\/a> <a href=\"https:\/\/agora.xtec.cat\/ceip-salvador-espriu-roda\/wp-content\/uploads\/usu1367\/2023\/01\/WhatsApp-Image-2023-01-30-at-11.37.43.jpeg\"><img loading=\"lazy\" decoding=\"async\" class=\"alignleft wp-image-6236 size-medium\" src=\"https:\/\/agora.xtec.cat\/ceip-salvador-espriu-roda\/wp-content\/uploads\/usu1367\/2023\/01\/WhatsApp-Image-2023-01-30-at-11.37.43-300x225.jpeg\" alt=\"\" width=\"300\" height=\"225\" srcset=\"https:\/\/agora.xtec.cat\/ceip-salvador-espriu-roda\/wp-content\/uploads\/usu1367\/2023\/01\/WhatsApp-Image-2023-01-30-at-11.37.43-300x225.jpeg 300w, https:\/\/agora.xtec.cat\/ceip-salvador-espriu-roda\/wp-content\/uploads\/usu1367\/2023\/01\/WhatsApp-Image-2023-01-30-at-11.37.43-1024x768.jpeg 1024w, https:\/\/agora.xtec.cat\/ceip-salvador-espriu-roda\/wp-content\/uploads\/usu1367\/2023\/01\/WhatsApp-Image-2023-01-30-at-11.37.43-768x576.jpeg 768w, https:\/\/agora.xtec.cat\/ceip-salvador-espriu-roda\/wp-content\/uploads\/usu1367\/2023\/01\/WhatsApp-Image-2023-01-30-at-11.37.43-1536x1152.jpeg 1536w, https:\/\/agora.xtec.cat\/ceip-salvador-espriu-roda\/wp-content\/uploads\/usu1367\/2023\/01\/WhatsApp-Image-2023-01-30-at-11.37.43-200x150.jpeg 200w, https:\/\/agora.xtec.cat\/ceip-salvador-espriu-roda\/wp-content\/uploads\/usu1367\/2023\/01\/WhatsApp-Image-2023-01-30-at-11.37.43.jpeg 2048w\" sizes=\"auto, (max-width: 300px) 100vw, 300px\" \/><\/a> <a href=\"https:\/\/agora.xtec.cat\/ceip-salvador-espriu-roda\/wp-content\/uploads\/usu1367\/2023\/01\/WhatsApp-Image-2023-01-30-at-11.37.40.jpeg\"><img loading=\"lazy\" decoding=\"async\" class=\"alignleft wp-image-6237 size-medium\" src=\"https:\/\/agora.xtec.cat\/ceip-salvador-espriu-roda\/wp-content\/uploads\/usu1367\/2023\/01\/WhatsApp-Image-2023-01-30-at-11.37.40-300x225.jpeg\" alt=\"\" width=\"300\" height=\"225\" srcset=\"https:\/\/agora.xtec.cat\/ceip-salvador-espriu-roda\/wp-content\/uploads\/usu1367\/2023\/01\/WhatsApp-Image-2023-01-30-at-11.37.40-300x225.jpeg 300w, https:\/\/agora.xtec.cat\/ceip-salvador-espriu-roda\/wp-content\/uploads\/usu1367\/2023\/01\/WhatsApp-Image-2023-01-30-at-11.37.40-1024x768.jpeg 1024w, https:\/\/agora.xtec.cat\/ceip-salvador-espriu-roda\/wp-content\/uploads\/usu1367\/2023\/01\/WhatsApp-Image-2023-01-30-at-11.37.40-768x576.jpeg 768w, https:\/\/agora.xtec.cat\/ceip-salvador-espriu-roda\/wp-content\/uploads\/usu1367\/2023\/01\/WhatsApp-Image-2023-01-30-at-11.37.40-1536x1152.jpeg 1536w, https:\/\/agora.xtec.cat\/ceip-salvador-espriu-roda\/wp-content\/uploads\/usu1367\/2023\/01\/WhatsApp-Image-2023-01-30-at-11.37.40-200x150.jpeg 200w, https:\/\/agora.xtec.cat\/ceip-salvador-espriu-roda\/wp-content\/uploads\/usu1367\/2023\/01\/WhatsApp-Image-2023-01-30-at-11.37.40.jpeg 2048w\" sizes=\"auto, (max-width: 300px) 100vw, 300px\" \/><\/a> <a href=\"https:\/\/agora.xtec.cat\/ceip-salvador-espriu-roda\/wp-content\/uploads\/usu1367\/2023\/01\/WhatsApp-Image-2023-01-30-at-11.37.41-1.jpeg\"><img loading=\"lazy\" decoding=\"async\" class=\"alignleft wp-image-6238 size-medium\" src=\"https:\/\/agora.xtec.cat\/ceip-salvador-espriu-roda\/wp-content\/uploads\/usu1367\/2023\/01\/WhatsApp-Image-2023-01-30-at-11.37.41-1-300x225.jpeg\" alt=\"\" width=\"300\" height=\"225\" srcset=\"https:\/\/agora.xtec.cat\/ceip-salvador-espriu-roda\/wp-content\/uploads\/usu1367\/2023\/01\/WhatsApp-Image-2023-01-30-at-11.37.41-1-300x225.jpeg 300w, https:\/\/agora.xtec.cat\/ceip-salvador-espriu-roda\/wp-content\/uploads\/usu1367\/2023\/01\/WhatsApp-Image-2023-01-30-at-11.37.41-1-1024x768.jpeg 1024w, https:\/\/agora.xtec.cat\/ceip-salvador-espriu-roda\/wp-content\/uploads\/usu1367\/2023\/01\/WhatsApp-Image-2023-01-30-at-11.37.41-1-768x576.jpeg 768w, https:\/\/agora.xtec.cat\/ceip-salvador-espriu-roda\/wp-content\/uploads\/usu1367\/2023\/01\/WhatsApp-Image-2023-01-30-at-11.37.41-1-1536x1152.jpeg 1536w, https:\/\/agora.xtec.cat\/ceip-salvador-espriu-roda\/wp-content\/uploads\/usu1367\/2023\/01\/WhatsApp-Image-2023-01-30-at-11.37.41-1-200x150.jpeg 200w, https:\/\/agora.xtec.cat\/ceip-salvador-espriu-roda\/wp-content\/uploads\/usu1367\/2023\/01\/WhatsApp-Image-2023-01-30-at-11.37.41-1.jpeg 2048w\" sizes=\"auto, (max-width: 300px) 100vw, 300px\" \/><\/a><\/p>\n<p align=\"justify\">\n","protected":false},"excerpt":{"rendered":"<p>Els i les alumnes de 4t hem realitzat una activitat molt divertida per treballar l\u2019expressi\u00f3 escrita: la descripci\u00f3 d\u2019un robot!<\/p>\n","protected":false},"author":1,"featured_media":6238,"comment_status":"closed","ping_status":"closed","sticky":false,"template":"","format":"standard","meta":{"_bbp_topic_count":0,"_bbp_reply_count":0,"_bbp_total_topic_count":0,"_bbp_total_reply_count":0,"_bbp_voice_count":0,"_bbp_anonymous_reply_count":0,"_bbp_topic_count_hidden":0,"_bbp_reply_count_hidden":0,"_bbp_forum_subforum_count":0,"footnotes":""},"categories":[112,1,103,55,4,108],"tags":[],"class_list":["post-6232","post","type-post","status-publish","format-standard","has-post-thumbnail","hentry","category-4t","category-general","category-hem-fet-a-escola","category-informacions-diverses","category-portada","category-primaria"],"post_mailing_queue_ids":[],"_links":{"self":[{"href":"https:\/\/agora.xtec.cat\/ceip-salvador-espriu-roda\/wp-json\/wp\/v2\/posts\/6232","targetHints":{"allow":["GET"]}}],"collection":[{"href":"https:\/\/agora.xtec.cat\/ceip-salvador-espriu-roda\/wp-json\/wp\/v2\/posts"}],"about":[{"href":"https:\/\/agora.xtec.cat\/ceip-salvador-espriu-roda\/wp-json\/wp\/v2\/types\/post"}],"author":[{"embeddable":true,"href":"https:\/\/agora.xtec.cat\/ceip-salvador-espriu-roda\/wp-json\/wp\/v2\/users\/1"}],"replies":[{"embeddable":true,"href":"https:\/\/agora.xtec.cat\/ceip-salvador-espriu-roda\/wp-json\/wp\/v2\/comments?post=6232"}],"version-history":[{"count":3,"href":"https:\/\/agora.xtec.cat\/ceip-salvador-espriu-roda\/wp-json\/wp\/v2\/posts\/6232\/revisions"}],"predecessor-version":[{"id":6241,"href":"https:\/\/agora.xtec.cat\/ceip-salvador-espriu-roda\/wp-json\/wp\/v2\/posts\/6232\/revisions\/6241"}],"wp:featuredmedia":[{"embeddable":true,"href":"https:\/\/agora.xtec.cat\/ceip-salvador-espriu-roda\/wp-json\/wp\/v2\/media\/6238"}],"wp:attachment":[{"href":"https:\/\/agora.xtec.cat\/ceip-salvador-espriu-roda\/wp-json\/wp\/v2\/media?parent=6232"}],"wp:term":[{"taxonomy":"category","embeddable":true,"href":"https:\/\/agora.xtec.cat\/ceip-salvador-espriu-roda\/wp-json\/wp\/v2\/categories?post=6232"},{"taxonomy":"post_tag","embeddable":true,"href":"https:\/\/agora.xtec.cat\/ceip-salvador-espriu-roda\/wp-json\/wp\/v2\/tags?post=6232"}],"curies":[{"name":"wp","href":"https:\/\/api.w.org\/{rel}","templated":true}]}}