{"id":6211,"date":"2023-01-25T12:18:24","date_gmt":"2023-01-25T11:18:24","guid":{"rendered":"https:\/\/agora.xtec.cat\/ceip-salvador-espriu-roda\/?p=6211"},"modified":"2023-03-14T11:50:38","modified_gmt":"2023-03-14T10:50:38","slug":"preinscripcions-23-24","status":"publish","type":"post","link":"https:\/\/agora.xtec.cat\/ceip-salvador-espriu-roda\/general\/preinscripcions-23-24\/","title":{"rendered":"Preinscripcions 23-24"},"content":{"rendered":"<p style=\"text-align: justify;\">Benvolgudes fam\u00edlies! Si heu de realitzar la preinscripci\u00f3 dels vostres fills\/es a la nostra escola de cara al curs vinent 23-24 i necessiteu que us ajudem amb els tr\u00e0mits, hem habilitat un punt d&#8217;acompanyament durant la preinscripci\u00f3.<!--more--> Podeu trucar al seg\u00fcent n\u00famero: 977809924 els dilluns, dimecres i divendres a partir del divendres 3 de mar\u00e7 i us donarem cita per tal que vingueu a l&#8217;escola i us puguem ajudar.<\/p>\n<p>Us recordem les seg\u00fcents dates de la preinscripcci\u00f3:<\/p>\n<p><a href=\"https:\/\/agora.xtec.cat\/ceip-salvador-espriu-roda\/wp-content\/uploads\/usu1367\/2023\/01\/data-preinscripcio.png\"><img loading=\"lazy\" decoding=\"async\" class=\"aligncenter wp-image-6340 size-full\" src=\"https:\/\/agora.xtec.cat\/ceip-salvador-espriu-roda\/wp-content\/uploads\/usu1367\/2023\/01\/data-preinscripcio.png\" alt=\"\" width=\"686\" height=\"790\" srcset=\"https:\/\/agora.xtec.cat\/ceip-salvador-espriu-roda\/wp-content\/uploads\/usu1367\/2023\/01\/data-preinscripcio.png 686w, https:\/\/agora.xtec.cat\/ceip-salvador-espriu-roda\/wp-content\/uploads\/usu1367\/2023\/01\/data-preinscripcio-261x300.png 261w\" sizes=\"auto, (max-width: 686px) 100vw, 686px\" \/><\/a><\/p>\n<p>A m\u00e9s, si cliqueu a la imatge, hi podreu trobar m\u00e9s informaci\u00f3.<\/p>\n<p><a href=\"https:\/\/preinscripcio.gencat.cat\/ca\/detalls\/noticia\/dates-preinscripcio\"><img loading=\"lazy\" decoding=\"async\" class=\"aligncenter wp-image-6218\" src=\"https:\/\/agora.xtec.cat\/ceip-salvador-espriu-roda\/wp-content\/uploads\/usu1367\/2023\/01\/dates-preinscripcio-23-24-obligatoria-1024x795.png\" alt=\"\" width=\"700\" height=\"544\" srcset=\"https:\/\/agora.xtec.cat\/ceip-salvador-espriu-roda\/wp-content\/uploads\/usu1367\/2023\/01\/dates-preinscripcio-23-24-obligatoria-1024x795.png 1024w, https:\/\/agora.xtec.cat\/ceip-salvador-espriu-roda\/wp-content\/uploads\/usu1367\/2023\/01\/dates-preinscripcio-23-24-obligatoria-300x233.png 300w, https:\/\/agora.xtec.cat\/ceip-salvador-espriu-roda\/wp-content\/uploads\/usu1367\/2023\/01\/dates-preinscripcio-23-24-obligatoria-768x596.png 768w, https:\/\/agora.xtec.cat\/ceip-salvador-espriu-roda\/wp-content\/uploads\/usu1367\/2023\/01\/dates-preinscripcio-23-24-obligatoria.png 1200w\" sizes=\"auto, (max-width: 700px) 100vw, 700px\" \/><\/a><\/p>\n","protected":false},"excerpt":{"rendered":"<p>Benvolgudes fam\u00edlies! Si heu de realitzar la preinscripci\u00f3 dels vostres fills\/es a la nostra escola de cara al curs vinent 23-24 i necessiteu que us ajudem amb els tr\u00e0mits, hem habilitat un punt d&#8217;acompanyament durant la preinscripci\u00f3.<\/p>\n","protected":false},"author":1,"featured_media":6218,"comment_status":"closed","ping_status":"closed","sticky":false,"template":"","format":"standard","meta":{"_bbp_topic_count":0,"_bbp_reply_count":0,"_bbp_total_topic_count":0,"_bbp_total_reply_count":0,"_bbp_voice_count":0,"_bbp_anonymous_reply_count":0,"_bbp_topic_count_hidden":0,"_bbp_reply_count_hidden":0,"_bbp_forum_subforum_count":0,"footnotes":""},"categories":[1,55,4],"tags":[],"class_list":["post-6211","post","type-post","status-publish","format-standard","has-post-thumbnail","hentry","category-general","category-informacions-diverses","category-portada"],"post_mailing_queue_ids":[],"_links":{"self":[{"href":"https:\/\/agora.xtec.cat\/ceip-salvador-espriu-roda\/wp-json\/wp\/v2\/posts\/6211","targetHints":{"allow":["GET"]}}],"collection":[{"href":"https:\/\/agora.xtec.cat\/ceip-salvador-espriu-roda\/wp-json\/wp\/v2\/posts"}],"about":[{"href":"https:\/\/agora.xtec.cat\/ceip-salvador-espriu-roda\/wp-json\/wp\/v2\/types\/post"}],"author":[{"embeddable":true,"href":"https:\/\/agora.xtec.cat\/ceip-salvador-espriu-roda\/wp-json\/wp\/v2\/users\/1"}],"replies":[{"embeddable":true,"href":"https:\/\/agora.xtec.cat\/ceip-salvador-espriu-roda\/wp-json\/wp\/v2\/comments?post=6211"}],"version-history":[{"count":3,"href":"https:\/\/agora.xtec.cat\/ceip-salvador-espriu-roda\/wp-json\/wp\/v2\/posts\/6211\/revisions"}],"predecessor-version":[{"id":6343,"href":"https:\/\/agora.xtec.cat\/ceip-salvador-espriu-roda\/wp-json\/wp\/v2\/posts\/6211\/revisions\/6343"}],"wp:featuredmedia":[{"embeddable":true,"href":"https:\/\/agora.xtec.cat\/ceip-salvador-espriu-roda\/wp-json\/wp\/v2\/media\/6218"}],"wp:attachment":[{"href":"https:\/\/agora.xtec.cat\/ceip-salvador-espriu-roda\/wp-json\/wp\/v2\/media?parent=6211"}],"wp:term":[{"taxonomy":"category","embeddable":true,"href":"https:\/\/agora.xtec.cat\/ceip-salvador-espriu-roda\/wp-json\/wp\/v2\/categories?post=6211"},{"taxonomy":"post_tag","embeddable":true,"href":"https:\/\/agora.xtec.cat\/ceip-salvador-espriu-roda\/wp-json\/wp\/v2\/tags?post=6211"}],"curies":[{"name":"wp","href":"https:\/\/api.w.org\/{rel}","templated":true}]}}