{"id":6149,"date":"2022-12-21T09:46:42","date_gmt":"2022-12-21T08:46:42","guid":{"rendered":"https:\/\/agora.xtec.cat\/ceip-salvador-espriu-roda\/?p=6149"},"modified":"2022-12-21T09:46:42","modified_gmt":"2022-12-21T08:46:42","slug":"fem-racons-de-mates","status":"publish","type":"post","link":"https:\/\/agora.xtec.cat\/ceip-salvador-espriu-roda\/general\/fem-racons-de-mates\/","title":{"rendered":"Fem racons de mates!"},"content":{"rendered":"<p align=\"justify\">A i5, un dia a la setmana, el dediquem a les mates! Quan arribem, les mestres ens han preparat uns racons amb propostes matem\u00e0tiques per a gaudir i aprendre. Primer ens repartim en equips amb gomets de colors i, despr\u00e9s, comencem a jugar amb els n\u00fameros, les formes, la mesura, l\u2019espai i la l\u00f2gica.<\/p>\n<p align=\"justify\">Quan acaba el temps toca canviar de rac\u00f3; recollim el que estem fent, ho deixem preparat pel seg\u00fcent equip i ens movem fins al seg\u00fcent rac\u00f3. Ens agrada molt aquesta din\u00e0mica i ja la tenim molt per la m\u00e0, cada cop ho fem millor!<\/p>\n<p align=\"justify\">Ens ho passem superb\u00e9 jugant amb els racons. A m\u00e9s d\u2019aprendre a trav\u00e9s del joc i la manipulaci\u00f3, tamb\u00e9 ens ajuden a adquirir estrat\u00e8gies, a treballar en equip i a saber guanyar i perdre, ja que donem molta m\u00e9s import\u00e0ncia al proc\u00e9s que al resultat.<\/p>\n<p align=\"justify\">Us deixem un petit recull d&#8217;imatges.<\/p>\n<p align=\"justify\"><a href=\"https:\/\/photos.app.goo.gl\/B35B1tiV5JjeBexL6\"><img loading=\"lazy\" decoding=\"async\" class=\"alignleft wp-image-6150 size-large\" src=\"https:\/\/agora.xtec.cat\/ceip-salvador-espriu-roda\/wp-content\/uploads\/usu1367\/2022\/12\/org.escolaIMG_0178-1024x768.jpg\" alt=\"\" width=\"1024\" height=\"768\" \/><\/a><\/p>\n","protected":false},"excerpt":{"rendered":"<p>A i5, un dia a la setmana, el dediquem a les mates! Quan arribem, les mestres ens han preparat uns racons amb propostes matem\u00e0tiques per a gaudir i aprendre. Primer ens repartim en equips amb gomets de colors i, despr\u00e9s, comencem a jugar amb els&hellip;  <a href=\"https:\/\/agora.xtec.cat\/ceip-salvador-espriu-roda\/general\/fem-racons-de-mates\/\" title=\"Read Fem racons de mates!\">Llegeix m\u00e9s\u00bb<\/a><\/p>\n","protected":false},"author":1,"featured_media":6150,"comment_status":"closed","ping_status":"closed","sticky":false,"template":"","format":"standard","meta":{"_bbp_topic_count":0,"_bbp_reply_count":0,"_bbp_total_topic_count":0,"_bbp_total_reply_count":0,"_bbp_voice_count":0,"_bbp_anonymous_reply_count":0,"_bbp_topic_count_hidden":0,"_bbp_reply_count_hidden":0,"_bbp_forum_subforum_count":0,"footnotes":""},"categories":[1,103,107,104,55,4],"tags":[],"class_list":["post-6149","post","type-post","status-publish","format-standard","has-post-thumbnail","hentry","category-general","category-hem-fet-a-escola","category-i5","category-infantil","category-informacions-diverses","category-portada"],"post_mailing_queue_ids":[],"_links":{"self":[{"href":"https:\/\/agora.xtec.cat\/ceip-salvador-espriu-roda\/wp-json\/wp\/v2\/posts\/6149","targetHints":{"allow":["GET"]}}],"collection":[{"href":"https:\/\/agora.xtec.cat\/ceip-salvador-espriu-roda\/wp-json\/wp\/v2\/posts"}],"about":[{"href":"https:\/\/agora.xtec.cat\/ceip-salvador-espriu-roda\/wp-json\/wp\/v2\/types\/post"}],"author":[{"embeddable":true,"href":"https:\/\/agora.xtec.cat\/ceip-salvador-espriu-roda\/wp-json\/wp\/v2\/users\/1"}],"replies":[{"embeddable":true,"href":"https:\/\/agora.xtec.cat\/ceip-salvador-espriu-roda\/wp-json\/wp\/v2\/comments?post=6149"}],"version-history":[{"count":1,"href":"https:\/\/agora.xtec.cat\/ceip-salvador-espriu-roda\/wp-json\/wp\/v2\/posts\/6149\/revisions"}],"predecessor-version":[{"id":6151,"href":"https:\/\/agora.xtec.cat\/ceip-salvador-espriu-roda\/wp-json\/wp\/v2\/posts\/6149\/revisions\/6151"}],"wp:featuredmedia":[{"embeddable":true,"href":"https:\/\/agora.xtec.cat\/ceip-salvador-espriu-roda\/wp-json\/wp\/v2\/media\/6150"}],"wp:attachment":[{"href":"https:\/\/agora.xtec.cat\/ceip-salvador-espriu-roda\/wp-json\/wp\/v2\/media?parent=6149"}],"wp:term":[{"taxonomy":"category","embeddable":true,"href":"https:\/\/agora.xtec.cat\/ceip-salvador-espriu-roda\/wp-json\/wp\/v2\/categories?post=6149"},{"taxonomy":"post_tag","embeddable":true,"href":"https:\/\/agora.xtec.cat\/ceip-salvador-espriu-roda\/wp-json\/wp\/v2\/tags?post=6149"}],"curies":[{"name":"wp","href":"https:\/\/api.w.org\/{rel}","templated":true}]}}