{"id":6094,"date":"2022-12-05T10:03:53","date_gmt":"2022-12-05T09:03:53","guid":{"rendered":"https:\/\/agora.xtec.cat\/ceip-salvador-espriu-roda\/?p=6094"},"modified":"2022-12-13T12:33:36","modified_gmt":"2022-12-13T11:33:36","slug":"coses-meves","status":"publish","type":"post","link":"https:\/\/agora.xtec.cat\/ceip-salvador-espriu-roda\/general\/coses-meves\/","title":{"rendered":"Coses Meves"},"content":{"rendered":"<p style=\"text-align: justify;\"><span style=\"font-family: Arial, sans-serif;\">L\u2019alumnat de tercer realitza una activitat d\u2019expressi\u00f3 oral en catal\u00e0, Coses Meves t\u00e9 com a objectiu transmetre, de forma oral, als companys i companyes una s\u00e8rie de coneixements o viv\u00e8ncies que pr\u00e8viament ha treballat a casa amb l\u2019ajuda d\u2019un gui\u00f3.<\/span><\/p>\n<p><img loading=\"lazy\" decoding=\"async\" class=\"alignleft size-medium wp-image-6095\" src=\"https:\/\/agora.xtec.cat\/ceip-salvador-espriu-roda\/wp-content\/uploads\/usu1367\/2022\/12\/k-300x239.jpg\" alt=\"\" width=\"300\" height=\"239\" srcset=\"https:\/\/agora.xtec.cat\/ceip-salvador-espriu-roda\/wp-content\/uploads\/usu1367\/2022\/12\/k-300x239.jpg 300w, https:\/\/agora.xtec.cat\/ceip-salvador-espriu-roda\/wp-content\/uploads\/usu1367\/2022\/12\/k-768x613.jpg 768w, https:\/\/agora.xtec.cat\/ceip-salvador-espriu-roda\/wp-content\/uploads\/usu1367\/2022\/12\/k.jpg 816w\" sizes=\"auto, (max-width: 300px) 100vw, 300px\" \/> <img loading=\"lazy\" decoding=\"async\" class=\"alignleft wp-image-6096\" src=\"https:\/\/agora.xtec.cat\/ceip-salvador-espriu-roda\/wp-content\/uploads\/usu1367\/2022\/12\/aaa-300x181.jpg\" alt=\"\" width=\"394\" height=\"238\" srcset=\"https:\/\/agora.xtec.cat\/ceip-salvador-espriu-roda\/wp-content\/uploads\/usu1367\/2022\/12\/aaa-300x181.jpg 300w, https:\/\/agora.xtec.cat\/ceip-salvador-espriu-roda\/wp-content\/uploads\/usu1367\/2022\/12\/aaa.jpg 701w\" sizes=\"auto, (max-width: 394px) 100vw, 394px\" \/><\/p>\n","protected":false},"excerpt":{"rendered":"<p>L\u2019alumnat de tercer realitza una activitat d\u2019expressi\u00f3 oral en catal\u00e0, Coses Meves t\u00e9 com a objectiu transmetre, de forma oral, als companys i companyes una s\u00e8rie de coneixements o viv\u00e8ncies que pr\u00e8viament ha treballat a casa amb l\u2019ajuda d\u2019un gui\u00f3.<\/p>\n","protected":false},"author":1,"featured_media":6096,"comment_status":"closed","ping_status":"closed","sticky":false,"template":"","format":"standard","meta":{"_bbp_topic_count":0,"_bbp_reply_count":0,"_bbp_total_topic_count":0,"_bbp_total_reply_count":0,"_bbp_voice_count":0,"_bbp_anonymous_reply_count":0,"_bbp_topic_count_hidden":0,"_bbp_reply_count_hidden":0,"_bbp_forum_subforum_count":0,"footnotes":""},"categories":[111,1,103,4,108],"tags":[],"class_list":["post-6094","post","type-post","status-publish","format-standard","has-post-thumbnail","hentry","category-3r","category-general","category-hem-fet-a-escola","category-portada","category-primaria"],"post_mailing_queue_ids":[],"_links":{"self":[{"href":"https:\/\/agora.xtec.cat\/ceip-salvador-espriu-roda\/wp-json\/wp\/v2\/posts\/6094","targetHints":{"allow":["GET"]}}],"collection":[{"href":"https:\/\/agora.xtec.cat\/ceip-salvador-espriu-roda\/wp-json\/wp\/v2\/posts"}],"about":[{"href":"https:\/\/agora.xtec.cat\/ceip-salvador-espriu-roda\/wp-json\/wp\/v2\/types\/post"}],"author":[{"embeddable":true,"href":"https:\/\/agora.xtec.cat\/ceip-salvador-espriu-roda\/wp-json\/wp\/v2\/users\/1"}],"replies":[{"embeddable":true,"href":"https:\/\/agora.xtec.cat\/ceip-salvador-espriu-roda\/wp-json\/wp\/v2\/comments?post=6094"}],"version-history":[{"count":2,"href":"https:\/\/agora.xtec.cat\/ceip-salvador-espriu-roda\/wp-json\/wp\/v2\/posts\/6094\/revisions"}],"predecessor-version":[{"id":6109,"href":"https:\/\/agora.xtec.cat\/ceip-salvador-espriu-roda\/wp-json\/wp\/v2\/posts\/6094\/revisions\/6109"}],"wp:featuredmedia":[{"embeddable":true,"href":"https:\/\/agora.xtec.cat\/ceip-salvador-espriu-roda\/wp-json\/wp\/v2\/media\/6096"}],"wp:attachment":[{"href":"https:\/\/agora.xtec.cat\/ceip-salvador-espriu-roda\/wp-json\/wp\/v2\/media?parent=6094"}],"wp:term":[{"taxonomy":"category","embeddable":true,"href":"https:\/\/agora.xtec.cat\/ceip-salvador-espriu-roda\/wp-json\/wp\/v2\/categories?post=6094"},{"taxonomy":"post_tag","embeddable":true,"href":"https:\/\/agora.xtec.cat\/ceip-salvador-espriu-roda\/wp-json\/wp\/v2\/tags?post=6094"}],"curies":[{"name":"wp","href":"https:\/\/api.w.org\/{rel}","templated":true}]}}