{"id":6086,"date":"2022-12-02T10:11:49","date_gmt":"2022-12-02T09:11:49","guid":{"rendered":"https:\/\/agora.xtec.cat\/ceip-salvador-espriu-roda\/?p=6086"},"modified":"2022-12-02T10:11:49","modified_gmt":"2022-12-02T09:11:49","slug":"els-grans-descobrim-ludwig-van-beethoven","status":"publish","type":"post","link":"https:\/\/agora.xtec.cat\/ceip-salvador-espriu-roda\/general\/els-grans-descobrim-ludwig-van-beethoven\/","title":{"rendered":"Els grans descobrim Ludwig van Beethoven"},"content":{"rendered":"<p>El passat dijous dia 1 de desembre<span style=\"font-family: inherit; font-size: 1em;\">, els alumnes de cicle superior van fer una sortida al Palau de la M\u00fasica de Barcelona per descobrir el compositor m\u00e9s universal de tots els temps amb el concert-espectacle <a href=\"https:\/\/www.palaumusica.cat\/ca\/big-bang-beethoven_1010272\"><strong><em>Big Bang Beethoven<\/em><\/strong><\/a> , amb direcci\u00f3 musical d&#8217;Eduard Iniesta i direcci\u00f3 coreogr\u00e0fica d&#8217;Enrique Cabrera.<\/span><\/p>\n<p>Despr\u00e9s vam anar a dinar al Parc Infantil Gl\u00f2ries on tots vam passar una estona divertida.<\/p>\n<p><a href=\"https:\/\/photos.app.goo.gl\/M29gWYijgUPQ6voL7\"><img loading=\"lazy\" decoding=\"async\" class=\"wp-image-6089 aligncenter\" src=\"https:\/\/agora.xtec.cat\/ceip-salvador-espriu-roda\/wp-content\/uploads\/usu1367\/2022\/12\/IMG_0086-300x200.jpg\" alt=\"\" width=\"401\" height=\"267\" srcset=\"https:\/\/agora.xtec.cat\/ceip-salvador-espriu-roda\/wp-content\/uploads\/usu1367\/2022\/12\/IMG_0086-300x200.jpg 300w, https:\/\/agora.xtec.cat\/ceip-salvador-espriu-roda\/wp-content\/uploads\/usu1367\/2022\/12\/IMG_0086-1024x683.jpg 1024w, https:\/\/agora.xtec.cat\/ceip-salvador-espriu-roda\/wp-content\/uploads\/usu1367\/2022\/12\/IMG_0086-768x512.jpg 768w, https:\/\/agora.xtec.cat\/ceip-salvador-espriu-roda\/wp-content\/uploads\/usu1367\/2022\/12\/IMG_0086-1536x1024.jpg 1536w, https:\/\/agora.xtec.cat\/ceip-salvador-espriu-roda\/wp-content\/uploads\/usu1367\/2022\/12\/IMG_0086.jpg 1773w\" sizes=\"auto, (max-width: 401px) 100vw, 401px\" \/><\/a><\/p>\n<p>&nbsp;<\/p>\n<p>&nbsp;<\/p>\n","protected":false},"excerpt":{"rendered":"<p>El passat dijous dia 1 de desembre, els alumnes de cicle superior van fer una sortida al Palau de la M\u00fasica de Barcelona per descobrir el compositor m\u00e9s universal de tots els temps amb el concert-espectacle <a href=\"https:\/\/www.palaumusica.cat\/ca\/big-bang-beethoven_1010272\">Big Bang Beethoven<\/a> , amb direcci\u00f3 musical d&#8217;Eduard&hellip;  <a href=\"https:\/\/agora.xtec.cat\/ceip-salvador-espriu-roda\/general\/els-grans-descobrim-ludwig-van-beethoven\/\" title=\"Read Els grans descobrim Ludwig van Beethoven\">Llegeix m\u00e9s\u00bb<\/a><\/p>\n","protected":false},"author":1,"featured_media":6089,"comment_status":"open","ping_status":"closed","sticky":false,"template":"","format":"standard","meta":{"_bbp_topic_count":0,"_bbp_reply_count":0,"_bbp_total_topic_count":0,"_bbp_total_reply_count":0,"_bbp_voice_count":0,"_bbp_anonymous_reply_count":0,"_bbp_topic_count_hidden":0,"_bbp_reply_count_hidden":0,"_bbp_forum_subforum_count":0,"footnotes":""},"categories":[119,1,4,115],"tags":[],"class_list":["post-6086","post","type-post","status-publish","format-standard","has-post-thumbnail","hentry","category-comunitat-de-grans","category-general","category-portada","category-sortides"],"post_mailing_queue_ids":[],"_links":{"self":[{"href":"https:\/\/agora.xtec.cat\/ceip-salvador-espriu-roda\/wp-json\/wp\/v2\/posts\/6086","targetHints":{"allow":["GET"]}}],"collection":[{"href":"https:\/\/agora.xtec.cat\/ceip-salvador-espriu-roda\/wp-json\/wp\/v2\/posts"}],"about":[{"href":"https:\/\/agora.xtec.cat\/ceip-salvador-espriu-roda\/wp-json\/wp\/v2\/types\/post"}],"author":[{"embeddable":true,"href":"https:\/\/agora.xtec.cat\/ceip-salvador-espriu-roda\/wp-json\/wp\/v2\/users\/1"}],"replies":[{"embeddable":true,"href":"https:\/\/agora.xtec.cat\/ceip-salvador-espriu-roda\/wp-json\/wp\/v2\/comments?post=6086"}],"version-history":[{"count":2,"href":"https:\/\/agora.xtec.cat\/ceip-salvador-espriu-roda\/wp-json\/wp\/v2\/posts\/6086\/revisions"}],"predecessor-version":[{"id":6090,"href":"https:\/\/agora.xtec.cat\/ceip-salvador-espriu-roda\/wp-json\/wp\/v2\/posts\/6086\/revisions\/6090"}],"wp:featuredmedia":[{"embeddable":true,"href":"https:\/\/agora.xtec.cat\/ceip-salvador-espriu-roda\/wp-json\/wp\/v2\/media\/6089"}],"wp:attachment":[{"href":"https:\/\/agora.xtec.cat\/ceip-salvador-espriu-roda\/wp-json\/wp\/v2\/media?parent=6086"}],"wp:term":[{"taxonomy":"category","embeddable":true,"href":"https:\/\/agora.xtec.cat\/ceip-salvador-espriu-roda\/wp-json\/wp\/v2\/categories?post=6086"},{"taxonomy":"post_tag","embeddable":true,"href":"https:\/\/agora.xtec.cat\/ceip-salvador-espriu-roda\/wp-json\/wp\/v2\/tags?post=6086"}],"curies":[{"name":"wp","href":"https:\/\/api.w.org\/{rel}","templated":true}]}}