{"id":6076,"date":"2022-11-29T10:33:02","date_gmt":"2022-11-29T09:33:02","guid":{"rendered":"https:\/\/agora.xtec.cat\/ceip-salvador-espriu-roda\/?p=6076"},"modified":"2022-11-29T10:33:02","modified_gmt":"2022-11-29T09:33:02","slug":"participacio-de-lescola-al-certamen-literari-roca-plana","status":"publish","type":"post","link":"https:\/\/agora.xtec.cat\/ceip-salvador-espriu-roda\/general\/participacio-de-lescola-al-certamen-literari-roca-plana\/","title":{"rendered":"Participaci\u00f3 de l&#8217;escola al certamen literari Roca Plana"},"content":{"rendered":"<p style=\"text-align: justify;\">El 26 de novembre es va celebrar l&#8217;entrega de premis Roca Plana en el que l&#8217;escola Salvador Espriu hi participa en la categoria infantil. Aquest any, l&#8217;alumna Sabrina Hern\u00e1ndez de 6\u00e8A ha estat premiada amb el tercer premi amb la seva obra &#8220;Estimada \u00e0via&#8221;.<\/p>\n<p><img loading=\"lazy\" decoding=\"async\" class=\"alignleft size-medium wp-image-6077\" src=\"https:\/\/agora.xtec.cat\/ceip-salvador-espriu-roda\/wp-content\/uploads\/usu1367\/2022\/11\/WhatsApp-Image-2022-11-29-at-09.31.12-199x300.jpeg\" alt=\"\" width=\"199\" height=\"300\" srcset=\"https:\/\/agora.xtec.cat\/ceip-salvador-espriu-roda\/wp-content\/uploads\/usu1367\/2022\/11\/WhatsApp-Image-2022-11-29-at-09.31.12-199x300.jpeg 199w, https:\/\/agora.xtec.cat\/ceip-salvador-espriu-roda\/wp-content\/uploads\/usu1367\/2022\/11\/WhatsApp-Image-2022-11-29-at-09.31.12-678x1024.jpeg 678w, https:\/\/agora.xtec.cat\/ceip-salvador-espriu-roda\/wp-content\/uploads\/usu1367\/2022\/11\/WhatsApp-Image-2022-11-29-at-09.31.12-768x1160.jpeg 768w, https:\/\/agora.xtec.cat\/ceip-salvador-espriu-roda\/wp-content\/uploads\/usu1367\/2022\/11\/WhatsApp-Image-2022-11-29-at-09.31.12-1017x1536.jpeg 1017w, https:\/\/agora.xtec.cat\/ceip-salvador-espriu-roda\/wp-content\/uploads\/usu1367\/2022\/11\/WhatsApp-Image-2022-11-29-at-09.31.12.jpeg 1059w\" sizes=\"auto, (max-width: 199px) 100vw, 199px\" \/><\/p>\n<p>&nbsp;<\/p>\n","protected":false},"excerpt":{"rendered":"<p>El 26 de novembre es va celebrar l&#8217;entrega de premis Roca Plana en el que l&#8217;escola Salvador Espriu hi participa en la categoria infantil. Aquest any, l&#8217;alumna Sabrina Hern\u00e1ndez de 6\u00e8A ha estat premiada amb el tercer premi amb la seva obra &#8220;Estimada \u00e0via&#8221;.<\/p>\n<p>&nbsp;<\/p>\n","protected":false},"author":1,"featured_media":6077,"comment_status":"closed","ping_status":"closed","sticky":false,"template":"","format":"standard","meta":{"_bbp_topic_count":0,"_bbp_reply_count":0,"_bbp_total_topic_count":0,"_bbp_total_reply_count":0,"_bbp_voice_count":0,"_bbp_anonymous_reply_count":0,"_bbp_topic_count_hidden":0,"_bbp_reply_count_hidden":0,"_bbp_forum_subforum_count":0,"footnotes":""},"categories":[114,1,55,4,129],"tags":[],"class_list":["post-6076","post","type-post","status-publish","format-standard","has-post-thumbnail","hentry","category-6e","category-general","category-informacions-diverses","category-portada","category-projecte-linguistic"],"post_mailing_queue_ids":[],"_links":{"self":[{"href":"https:\/\/agora.xtec.cat\/ceip-salvador-espriu-roda\/wp-json\/wp\/v2\/posts\/6076","targetHints":{"allow":["GET"]}}],"collection":[{"href":"https:\/\/agora.xtec.cat\/ceip-salvador-espriu-roda\/wp-json\/wp\/v2\/posts"}],"about":[{"href":"https:\/\/agora.xtec.cat\/ceip-salvador-espriu-roda\/wp-json\/wp\/v2\/types\/post"}],"author":[{"embeddable":true,"href":"https:\/\/agora.xtec.cat\/ceip-salvador-espriu-roda\/wp-json\/wp\/v2\/users\/1"}],"replies":[{"embeddable":true,"href":"https:\/\/agora.xtec.cat\/ceip-salvador-espriu-roda\/wp-json\/wp\/v2\/comments?post=6076"}],"version-history":[{"count":2,"href":"https:\/\/agora.xtec.cat\/ceip-salvador-espriu-roda\/wp-json\/wp\/v2\/posts\/6076\/revisions"}],"predecessor-version":[{"id":6079,"href":"https:\/\/agora.xtec.cat\/ceip-salvador-espriu-roda\/wp-json\/wp\/v2\/posts\/6076\/revisions\/6079"}],"wp:featuredmedia":[{"embeddable":true,"href":"https:\/\/agora.xtec.cat\/ceip-salvador-espriu-roda\/wp-json\/wp\/v2\/media\/6077"}],"wp:attachment":[{"href":"https:\/\/agora.xtec.cat\/ceip-salvador-espriu-roda\/wp-json\/wp\/v2\/media?parent=6076"}],"wp:term":[{"taxonomy":"category","embeddable":true,"href":"https:\/\/agora.xtec.cat\/ceip-salvador-espriu-roda\/wp-json\/wp\/v2\/categories?post=6076"},{"taxonomy":"post_tag","embeddable":true,"href":"https:\/\/agora.xtec.cat\/ceip-salvador-espriu-roda\/wp-json\/wp\/v2\/tags?post=6076"}],"curies":[{"name":"wp","href":"https:\/\/api.w.org\/{rel}","templated":true}]}}