{"id":6070,"date":"2022-11-28T11:50:36","date_gmt":"2022-11-28T10:50:36","guid":{"rendered":"https:\/\/agora.xtec.cat\/ceip-salvador-espriu-roda\/?p=6070"},"modified":"2022-11-29T10:35:16","modified_gmt":"2022-11-29T09:35:16","slug":"que-interessants-son-els-dofins","status":"publish","type":"post","link":"https:\/\/agora.xtec.cat\/ceip-salvador-espriu-roda\/general\/que-interessants-son-els-dofins\/","title":{"rendered":"Qu\u00e8 interessants son els dofins!!"},"content":{"rendered":"<p style=\"text-align: justify;\" align=\"left\">Els nens i les nenes d\u00b4I 4 estem aprenent moltes coses interessants sobre els dofins: com s\u00f3n, on viuen, que s\u00f3n mam\u00edfers com nosaltres, com respiren, com s&#8217;orienten\u2026<!--more--><\/p>\n<p style=\"text-align: justify;\" align=\"left\">Hem investigat sobre totes les inquietuds que ten\u00edem i ho hem compartit amb la resta de companys i companyes.<\/p>\n<p style=\"text-align: justify;\" align=\"left\">Despr\u00e9s la nostra mestra ens ha fet una petita representaci\u00f3 del m\u00e9s important que hem descobert entre tots i totes i s&#8217;ha convertit en un dof\u00ed durant una estoneta. A continuaci\u00f3 us deixem el v\u00eddeo.<\/p>\n<p align=\"left\"><a href=\"https:\/\/photos.app.goo.gl\/e2VXn36599KzHXHQ6\"><img loading=\"lazy\" decoding=\"async\" class=\"alignleft wp-image-6072 size-large\" src=\"https:\/\/agora.xtec.cat\/ceip-salvador-espriu-roda\/wp-content\/uploads\/usu1367\/2022\/11\/qq-1024x576.jpg\" alt=\"\" width=\"1024\" height=\"576\" srcset=\"https:\/\/agora.xtec.cat\/ceip-salvador-espriu-roda\/wp-content\/uploads\/usu1367\/2022\/11\/qq-1024x576.jpg 1024w, https:\/\/agora.xtec.cat\/ceip-salvador-espriu-roda\/wp-content\/uploads\/usu1367\/2022\/11\/qq-300x169.jpg 300w, https:\/\/agora.xtec.cat\/ceip-salvador-espriu-roda\/wp-content\/uploads\/usu1367\/2022\/11\/qq-768x432.jpg 768w, https:\/\/agora.xtec.cat\/ceip-salvador-espriu-roda\/wp-content\/uploads\/usu1367\/2022\/11\/qq-1536x864.jpg 1536w, https:\/\/agora.xtec.cat\/ceip-salvador-espriu-roda\/wp-content\/uploads\/usu1367\/2022\/11\/qq.jpg 1920w\" sizes=\"auto, (max-width: 1024px) 100vw, 1024px\" \/><\/a><\/p>\n","protected":false},"excerpt":{"rendered":"<p>Els nens i les nenes d\u00b4I 4 estem aprenent moltes coses interessants sobre els dofins: com s\u00f3n, on viuen, que s\u00f3n mam\u00edfers com nosaltres, com respiren, com s&#8217;orienten\u2026<\/p>\n","protected":false},"author":1,"featured_media":6072,"comment_status":"closed","ping_status":"closed","sticky":false,"template":"","format":"standard","meta":{"_bbp_topic_count":0,"_bbp_reply_count":0,"_bbp_total_topic_count":0,"_bbp_total_reply_count":0,"_bbp_voice_count":0,"_bbp_anonymous_reply_count":0,"_bbp_topic_count_hidden":0,"_bbp_reply_count_hidden":0,"_bbp_forum_subforum_count":0,"footnotes":""},"categories":[1,103,106,4],"tags":[],"class_list":["post-6070","post","type-post","status-publish","format-standard","has-post-thumbnail","hentry","category-general","category-hem-fet-a-escola","category-i4","category-portada"],"post_mailing_queue_ids":[],"_links":{"self":[{"href":"https:\/\/agora.xtec.cat\/ceip-salvador-espriu-roda\/wp-json\/wp\/v2\/posts\/6070","targetHints":{"allow":["GET"]}}],"collection":[{"href":"https:\/\/agora.xtec.cat\/ceip-salvador-espriu-roda\/wp-json\/wp\/v2\/posts"}],"about":[{"href":"https:\/\/agora.xtec.cat\/ceip-salvador-espriu-roda\/wp-json\/wp\/v2\/types\/post"}],"author":[{"embeddable":true,"href":"https:\/\/agora.xtec.cat\/ceip-salvador-espriu-roda\/wp-json\/wp\/v2\/users\/1"}],"replies":[{"embeddable":true,"href":"https:\/\/agora.xtec.cat\/ceip-salvador-espriu-roda\/wp-json\/wp\/v2\/comments?post=6070"}],"version-history":[{"count":4,"href":"https:\/\/agora.xtec.cat\/ceip-salvador-espriu-roda\/wp-json\/wp\/v2\/posts\/6070\/revisions"}],"predecessor-version":[{"id":6080,"href":"https:\/\/agora.xtec.cat\/ceip-salvador-espriu-roda\/wp-json\/wp\/v2\/posts\/6070\/revisions\/6080"}],"wp:featuredmedia":[{"embeddable":true,"href":"https:\/\/agora.xtec.cat\/ceip-salvador-espriu-roda\/wp-json\/wp\/v2\/media\/6072"}],"wp:attachment":[{"href":"https:\/\/agora.xtec.cat\/ceip-salvador-espriu-roda\/wp-json\/wp\/v2\/media?parent=6070"}],"wp:term":[{"taxonomy":"category","embeddable":true,"href":"https:\/\/agora.xtec.cat\/ceip-salvador-espriu-roda\/wp-json\/wp\/v2\/categories?post=6070"},{"taxonomy":"post_tag","embeddable":true,"href":"https:\/\/agora.xtec.cat\/ceip-salvador-espriu-roda\/wp-json\/wp\/v2\/tags?post=6070"}],"curies":[{"name":"wp","href":"https:\/\/api.w.org\/{rel}","templated":true}]}}