{"id":5976,"date":"2022-09-08T13:25:06","date_gmt":"2022-09-08T11:25:06","guid":{"rendered":"https:\/\/agora.xtec.cat\/ceip-salvador-espriu-roda\/?p=5976"},"modified":"2022-09-08T13:25:06","modified_gmt":"2022-09-08T11:25:06","slug":"comencem","status":"publish","type":"post","link":"https:\/\/agora.xtec.cat\/ceip-salvador-espriu-roda\/general\/comencem\/","title":{"rendered":"Comencem!!!"},"content":{"rendered":"<p style=\"text-align: justify;\">Hola fam\u00edlies,<\/p>\n<p style=\"text-align: justify;\">El passat dilluns 5 de setembre vam engegar un nou curs al Salvador Espriu, un gran dia que esper\u00e0vem tots i totes amb molta il\u00b7lusi\u00f3 i ganes de retrobar-nos despr\u00e9s d&#8217;un per\u00edode de descans i vacances.<!--more--><\/p>\n<p style=\"text-align: justify;\">Vam passar un dia d&#8217;all\u00f2 m\u00e9s divertit, duent a terme diferents activitats on l&#8217;aigua va ser la vertadera protagonista, res millor per comen\u00e7ar el curs amb energia i diversi\u00f3. Per una banda, l&#8217;alumnat d&#8217;infantil, juntament amb la comunitat de mitjans gaudiren d&#8217;uns inflables passats per aigua al pati.<br \/>\nD&#8217;altra banda, la comunitat dels grans es va despla\u00e7ar a la piscina municipal per xalar de l&#8217;espai i dels diferents jocs proposats pels docents, a m\u00e9s d&#8217;un refrescant bany a la mateixa piscina.<\/p>\n<p style=\"text-align: justify;\">A mitjan mat\u00ed i per recuperar l&#8217;energia del primer dia vam gaudir d&#8217;un esmorzar cortesia de l&#8217;AFA.<\/p>\n<p style=\"text-align: justify;\">Va ser un dia que ens va permetre millorar la cohesi\u00f3 del grup, aix\u00ed com con\u00e8ixer millor l&#8217;alumnat i el professorat nouvingut.<\/p>\n<p><img loading=\"lazy\" decoding=\"async\" class=\"size-medium wp-image-5979 alignleft\" src=\"https:\/\/agora.xtec.cat\/ceip-salvador-espriu-roda\/wp-content\/uploads\/usu1367\/2022\/09\/IMG-20220905-WA0039-225x300.jpg\" alt=\"\" width=\"225\" height=\"300\" srcset=\"https:\/\/agora.xtec.cat\/ceip-salvador-espriu-roda\/wp-content\/uploads\/usu1367\/2022\/09\/IMG-20220905-WA0039-225x300.jpg 225w, https:\/\/agora.xtec.cat\/ceip-salvador-espriu-roda\/wp-content\/uploads\/usu1367\/2022\/09\/IMG-20220905-WA0039-768x1024.jpg 768w, https:\/\/agora.xtec.cat\/ceip-salvador-espriu-roda\/wp-content\/uploads\/usu1367\/2022\/09\/IMG-20220905-WA0039-1152x1536.jpg 1152w, https:\/\/agora.xtec.cat\/ceip-salvador-espriu-roda\/wp-content\/uploads\/usu1367\/2022\/09\/IMG-20220905-WA0039.jpg 1200w\" sizes=\"auto, (max-width: 225px) 100vw, 225px\" \/> <img loading=\"lazy\" decoding=\"async\" class=\"size-medium wp-image-5978 alignleft\" src=\"https:\/\/agora.xtec.cat\/ceip-salvador-espriu-roda\/wp-content\/uploads\/usu1367\/2022\/09\/IMG-20220905-WA0028-225x300.jpg\" alt=\"\" width=\"225\" height=\"300\" srcset=\"https:\/\/agora.xtec.cat\/ceip-salvador-espriu-roda\/wp-content\/uploads\/usu1367\/2022\/09\/IMG-20220905-WA0028-225x300.jpg 225w, https:\/\/agora.xtec.cat\/ceip-salvador-espriu-roda\/wp-content\/uploads\/usu1367\/2022\/09\/IMG-20220905-WA0028-768x1024.jpg 768w, https:\/\/agora.xtec.cat\/ceip-salvador-espriu-roda\/wp-content\/uploads\/usu1367\/2022\/09\/IMG-20220905-WA0028-1152x1536.jpg 1152w, https:\/\/agora.xtec.cat\/ceip-salvador-espriu-roda\/wp-content\/uploads\/usu1367\/2022\/09\/IMG-20220905-WA0028.jpg 1200w\" sizes=\"auto, (max-width: 225px) 100vw, 225px\" \/> <img loading=\"lazy\" decoding=\"async\" class=\"size-medium wp-image-5977 alignleft\" src=\"https:\/\/agora.xtec.cat\/ceip-salvador-espriu-roda\/wp-content\/uploads\/usu1367\/2022\/09\/IMG-20220905-WA0023-225x300.jpg\" alt=\"\" width=\"225\" height=\"300\" srcset=\"https:\/\/agora.xtec.cat\/ceip-salvador-espriu-roda\/wp-content\/uploads\/usu1367\/2022\/09\/IMG-20220905-WA0023-225x300.jpg 225w, https:\/\/agora.xtec.cat\/ceip-salvador-espriu-roda\/wp-content\/uploads\/usu1367\/2022\/09\/IMG-20220905-WA0023-768x1024.jpg 768w, https:\/\/agora.xtec.cat\/ceip-salvador-espriu-roda\/wp-content\/uploads\/usu1367\/2022\/09\/IMG-20220905-WA0023-1152x1536.jpg 1152w, https:\/\/agora.xtec.cat\/ceip-salvador-espriu-roda\/wp-content\/uploads\/usu1367\/2022\/09\/IMG-20220905-WA0023.jpg 1200w\" sizes=\"auto, (max-width: 225px) 100vw, 225px\" \/><\/p>\n","protected":false},"excerpt":{"rendered":"<p>Hola fam\u00edlies,<br \/>\nEl passat dilluns 5 de setembre vam engegar un nou curs al Salvador Espriu, un gran dia que esper\u00e0vem tots i totes amb molta il\u00b7lusi\u00f3 i ganes de retrobar-nos despr\u00e9s d&#8217;un per\u00edode de descans i vacances.<\/p>\n","protected":false},"author":1,"featured_media":5979,"comment_status":"closed","ping_status":"closed","sticky":false,"template":"","format":"standard","meta":{"_bbp_topic_count":0,"_bbp_reply_count":0,"_bbp_total_topic_count":0,"_bbp_total_reply_count":0,"_bbp_voice_count":0,"_bbp_anonymous_reply_count":0,"_bbp_topic_count_hidden":0,"_bbp_reply_count_hidden":0,"_bbp_forum_subforum_count":0,"footnotes":""},"categories":[1,55,4],"tags":[],"class_list":["post-5976","post","type-post","status-publish","format-standard","has-post-thumbnail","hentry","category-general","category-informacions-diverses","category-portada"],"post_mailing_queue_ids":[],"_links":{"self":[{"href":"https:\/\/agora.xtec.cat\/ceip-salvador-espriu-roda\/wp-json\/wp\/v2\/posts\/5976","targetHints":{"allow":["GET"]}}],"collection":[{"href":"https:\/\/agora.xtec.cat\/ceip-salvador-espriu-roda\/wp-json\/wp\/v2\/posts"}],"about":[{"href":"https:\/\/agora.xtec.cat\/ceip-salvador-espriu-roda\/wp-json\/wp\/v2\/types\/post"}],"author":[{"embeddable":true,"href":"https:\/\/agora.xtec.cat\/ceip-salvador-espriu-roda\/wp-json\/wp\/v2\/users\/1"}],"replies":[{"embeddable":true,"href":"https:\/\/agora.xtec.cat\/ceip-salvador-espriu-roda\/wp-json\/wp\/v2\/comments?post=5976"}],"version-history":[{"count":2,"href":"https:\/\/agora.xtec.cat\/ceip-salvador-espriu-roda\/wp-json\/wp\/v2\/posts\/5976\/revisions"}],"predecessor-version":[{"id":5981,"href":"https:\/\/agora.xtec.cat\/ceip-salvador-espriu-roda\/wp-json\/wp\/v2\/posts\/5976\/revisions\/5981"}],"wp:featuredmedia":[{"embeddable":true,"href":"https:\/\/agora.xtec.cat\/ceip-salvador-espriu-roda\/wp-json\/wp\/v2\/media\/5979"}],"wp:attachment":[{"href":"https:\/\/agora.xtec.cat\/ceip-salvador-espriu-roda\/wp-json\/wp\/v2\/media?parent=5976"}],"wp:term":[{"taxonomy":"category","embeddable":true,"href":"https:\/\/agora.xtec.cat\/ceip-salvador-espriu-roda\/wp-json\/wp\/v2\/categories?post=5976"},{"taxonomy":"post_tag","embeddable":true,"href":"https:\/\/agora.xtec.cat\/ceip-salvador-espriu-roda\/wp-json\/wp\/v2\/tags?post=5976"}],"curies":[{"name":"wp","href":"https:\/\/api.w.org\/{rel}","templated":true}]}}