{"id":5972,"date":"2022-09-05T14:08:29","date_gmt":"2022-09-05T12:08:29","guid":{"rendered":"https:\/\/agora.xtec.cat\/ceip-salvador-espriu-roda\/?p=5972"},"modified":"2022-09-05T14:12:18","modified_gmt":"2022-09-05T12:12:18","slug":"sollicitud-daim-2a-convocatoria","status":"publish","type":"post","link":"https:\/\/agora.xtec.cat\/ceip-salvador-espriu-roda\/general\/sollicitud-daim-2a-convocatoria\/","title":{"rendered":"Sol\u00b7licitud d&#8217;AIM. 2a. Convocat\u00f2ria"},"content":{"rendered":"<p>Benvolgudes fam\u00edlies,<\/p>\n<p>2a CONVOCAT\u00d2RIA<\/p>\n<p>Us informem que el web del Consell comarcal podreu trobar les Bases i models necessaris per a la tramitaci\u00f3 dels Ajuts Individuals de Menjador (AIM) que gestiona el Consell Comarcal del Tarragon\u00e8s (CCT), 2a Convocat\u00f2ria, curs 2022-23. Adre\u00e7ada a:<!--more--><\/p>\n<p>Alumnat de nova matr\u00edcula o trasllat.<br \/>\nUnitats familiars que, a partir del juny del 2022:<br \/>\nHagin requerit l\u2019atenci\u00f3 de serveis socials.<br \/>\nLa situaci\u00f3 econ\u00f2mica \/ social s&#8217;hagi vist greument afectada (caldr\u00e0 justificar documentalment la nova situaci\u00f3).<br \/>\nTota la informaci\u00f3 en relaci\u00f3 a la presentaci\u00f3 i termini de presentaci\u00f3 de la sol\u00b7licitud la podeu trobar al seg\u00fcent enlla\u00e7:\u00a0<a href=\"http:\/\/www.tarragones.cat\/ensenyament\/menjadors-escolars-ajuts-1\">http:\/\/www.tarragones.cat\/ensenyament\/menjadors-escolars-ajuts-1<\/a><\/p>\n<p>Per a m\u00e9s informaci\u00f3 podeu consultar el web del Consell comarcal.<\/p>\n","protected":false},"excerpt":{"rendered":"<p>Benvolgudes fam\u00edlies,<br \/>\n2a CONVOCAT\u00d2RIA<br \/>\nUs informem que el web del Consell comarcal podreu trobar les Bases i models necessaris per a la tramitaci\u00f3 dels Ajuts Individuals de Menjador (AIM) que gestiona el Consell Comarcal del Tarragon\u00e8s (CCT), 2a Convocat\u00f2ria, curs 2022-23. Adre\u00e7ada a:<\/p>\n","protected":false},"author":1,"featured_media":5975,"comment_status":"closed","ping_status":"closed","sticky":false,"template":"","format":"standard","meta":{"_bbp_topic_count":0,"_bbp_reply_count":0,"_bbp_total_topic_count":0,"_bbp_total_reply_count":0,"_bbp_voice_count":0,"_bbp_anonymous_reply_count":0,"_bbp_topic_count_hidden":0,"_bbp_reply_count_hidden":0,"_bbp_forum_subforum_count":0,"footnotes":""},"categories":[1,55,4],"tags":[],"class_list":["post-5972","post","type-post","status-publish","format-standard","has-post-thumbnail","hentry","category-general","category-informacions-diverses","category-portada"],"post_mailing_queue_ids":[],"_links":{"self":[{"href":"https:\/\/agora.xtec.cat\/ceip-salvador-espriu-roda\/wp-json\/wp\/v2\/posts\/5972","targetHints":{"allow":["GET"]}}],"collection":[{"href":"https:\/\/agora.xtec.cat\/ceip-salvador-espriu-roda\/wp-json\/wp\/v2\/posts"}],"about":[{"href":"https:\/\/agora.xtec.cat\/ceip-salvador-espriu-roda\/wp-json\/wp\/v2\/types\/post"}],"author":[{"embeddable":true,"href":"https:\/\/agora.xtec.cat\/ceip-salvador-espriu-roda\/wp-json\/wp\/v2\/users\/1"}],"replies":[{"embeddable":true,"href":"https:\/\/agora.xtec.cat\/ceip-salvador-espriu-roda\/wp-json\/wp\/v2\/comments?post=5972"}],"version-history":[{"count":2,"href":"https:\/\/agora.xtec.cat\/ceip-salvador-espriu-roda\/wp-json\/wp\/v2\/posts\/5972\/revisions"}],"predecessor-version":[{"id":5974,"href":"https:\/\/agora.xtec.cat\/ceip-salvador-espriu-roda\/wp-json\/wp\/v2\/posts\/5972\/revisions\/5974"}],"wp:featuredmedia":[{"embeddable":true,"href":"https:\/\/agora.xtec.cat\/ceip-salvador-espriu-roda\/wp-json\/wp\/v2\/media\/5975"}],"wp:attachment":[{"href":"https:\/\/agora.xtec.cat\/ceip-salvador-espriu-roda\/wp-json\/wp\/v2\/media?parent=5972"}],"wp:term":[{"taxonomy":"category","embeddable":true,"href":"https:\/\/agora.xtec.cat\/ceip-salvador-espriu-roda\/wp-json\/wp\/v2\/categories?post=5972"},{"taxonomy":"post_tag","embeddable":true,"href":"https:\/\/agora.xtec.cat\/ceip-salvador-espriu-roda\/wp-json\/wp\/v2\/tags?post=5972"}],"curies":[{"name":"wp","href":"https:\/\/api.w.org\/{rel}","templated":true}]}}