{"id":5861,"date":"2022-06-17T10:14:02","date_gmt":"2022-06-17T08:14:02","guid":{"rendered":"https:\/\/agora.xtec.cat\/ceip-salvador-espriu-roda\/?p=5861"},"modified":"2022-06-17T10:14:42","modified_gmt":"2022-06-17T08:14:42","slug":"projecte-de-reutilitzacio-de-llibres-de-text-2022-2023","status":"publish","type":"post","link":"https:\/\/agora.xtec.cat\/ceip-salvador-espriu-roda\/general\/projecte-de-reutilitzacio-de-llibres-de-text-2022-2023\/","title":{"rendered":"Projecte de reutilitzaci\u00f3 de llibres de text 2022-2023"},"content":{"rendered":"<p style=\"text-align: justify;\">Hola fam\u00edlies!<\/p>\n<p style=\"text-align: justify;\">Si heu estat adm\u00e8s recordeu que heu de fer efectiu el pagament al n\u00famero de compte <strong>ES04 2100 0670 9902 0013 2906.<\/strong><\/p>\n<p style=\"text-align: justify;\"><strong>TERMINI: 26 de juny.<\/strong><br \/>\nAl fer l\u2019ingr\u00e9s recordeu posar el NOM I COGNOMS DE L\u2019ALUMNE\/A.<\/p>\n<p style=\"text-align: justify;\"><strong>MOLT IMPORTANT: <\/strong>Per fer efectiva la reserva heu de presentar el justificant de pagament al correu de l\u2019AFA ampasalvadorespriu@gmail.com<\/p>\n<p style=\"text-align: justify;\">Per tal de garantir la protecci\u00f3 de les dades personals de l&#8217;alumnat de l&#8217;escola, el llistat d&#8217;alumnat adm\u00e8s no es publicar\u00e0 a la web, sin\u00f3 que s&#8217;enviar\u00e0 un Dinantia a totes les fam\u00edlies que han presentat la sol\u00b7licitud. En aquest Dinantia s&#8217;informar\u00e0 si la sol\u00b7licitud de participaci\u00f3 al programa de reutilitzaci\u00f3 de l&#8217;alumne\/a ha estat admesa o no.<\/p>\n","protected":false},"excerpt":{"rendered":"<p>Hola fam\u00edlies!<br \/>\nSi heu estat adm\u00e8s recordeu que heu de fer efectiu el pagament al n\u00famero de compte ES04 2100 0670 9902 0013 2906.<br \/>\nTERMINI: 26 de juny.<br \/>\nAl fer l\u2019ingr\u00e9s recordeu posar el NOM I COGNOMS DE L\u2019ALUMNE\/A.<br \/>\nMOLT IMPORTANT: Per fer efectiva la reserva heu de presentar&hellip;  <a href=\"https:\/\/agora.xtec.cat\/ceip-salvador-espriu-roda\/general\/projecte-de-reutilitzacio-de-llibres-de-text-2022-2023\/\" title=\"Read Projecte de reutilitzaci\u00f3 de llibres de text 2022-2023\">Llegeix m\u00e9s\u00bb<\/a><\/p>\n","protected":false},"author":1,"featured_media":0,"comment_status":"closed","ping_status":"closed","sticky":false,"template":"","format":"standard","meta":{"_bbp_topic_count":0,"_bbp_reply_count":0,"_bbp_total_topic_count":0,"_bbp_total_reply_count":0,"_bbp_voice_count":0,"_bbp_anonymous_reply_count":0,"_bbp_topic_count_hidden":0,"_bbp_reply_count_hidden":0,"_bbp_forum_subforum_count":0,"footnotes":""},"categories":[1,55,4,80],"tags":[],"class_list":["post-5861","post","type-post","status-publish","format-standard","hentry","category-general","category-informacions-diverses","category-portada","category-reutilitzacio-de-llibres"],"post_mailing_queue_ids":[],"_links":{"self":[{"href":"https:\/\/agora.xtec.cat\/ceip-salvador-espriu-roda\/wp-json\/wp\/v2\/posts\/5861","targetHints":{"allow":["GET"]}}],"collection":[{"href":"https:\/\/agora.xtec.cat\/ceip-salvador-espriu-roda\/wp-json\/wp\/v2\/posts"}],"about":[{"href":"https:\/\/agora.xtec.cat\/ceip-salvador-espriu-roda\/wp-json\/wp\/v2\/types\/post"}],"author":[{"embeddable":true,"href":"https:\/\/agora.xtec.cat\/ceip-salvador-espriu-roda\/wp-json\/wp\/v2\/users\/1"}],"replies":[{"embeddable":true,"href":"https:\/\/agora.xtec.cat\/ceip-salvador-espriu-roda\/wp-json\/wp\/v2\/comments?post=5861"}],"version-history":[{"count":2,"href":"https:\/\/agora.xtec.cat\/ceip-salvador-espriu-roda\/wp-json\/wp\/v2\/posts\/5861\/revisions"}],"predecessor-version":[{"id":5863,"href":"https:\/\/agora.xtec.cat\/ceip-salvador-espriu-roda\/wp-json\/wp\/v2\/posts\/5861\/revisions\/5863"}],"wp:attachment":[{"href":"https:\/\/agora.xtec.cat\/ceip-salvador-espriu-roda\/wp-json\/wp\/v2\/media?parent=5861"}],"wp:term":[{"taxonomy":"category","embeddable":true,"href":"https:\/\/agora.xtec.cat\/ceip-salvador-espriu-roda\/wp-json\/wp\/v2\/categories?post=5861"},{"taxonomy":"post_tag","embeddable":true,"href":"https:\/\/agora.xtec.cat\/ceip-salvador-espriu-roda\/wp-json\/wp\/v2\/tags?post=5861"}],"curies":[{"name":"wp","href":"https:\/\/api.w.org\/{rel}","templated":true}]}}