{"id":5810,"date":"2022-05-07T18:47:30","date_gmt":"2022-05-07T16:47:30","guid":{"rendered":"https:\/\/agora.xtec.cat\/ceip-salvador-espriu-roda\/?p=5810"},"modified":"2022-05-07T18:48:32","modified_gmt":"2022-05-07T16:48:32","slug":"dia-de-les-families","status":"publish","type":"post","link":"https:\/\/agora.xtec.cat\/ceip-salvador-espriu-roda\/general\/dia-de-les-families\/","title":{"rendered":"Dia de les fam\u00edlies"},"content":{"rendered":"<p style=\"padding-left: 40px;\">El dia 13 de maig celebrem el dia de les fam\u00edlies, el vostre dia.<\/p>\n<p style=\"text-align: justify; padding-left: 40px;\">Nosaltres volem fer honor a la import\u00e0ncia que teniu i per aix\u00f2 hem preparat un conjunt d&#8217;activitats per vosaltres i l&#8217;alumnat de l&#8217;escola.<!--more--> L&#8217;objectiu d&#8217;aquesta proposta \u00e9s crear un punt de trobada bonic entre l&#8217;escola i la fam\u00edlia, aix\u00ed com fomentar la vostra participaci\u00f3 en el centre i que els infants vegin com en som de potents quan estem junts.<\/p>\n<p><a href=\"https:\/\/agora.xtec.cat\/ceip-salvador-espriu-roda\/wp-content\/uploads\/usu1367\/2022\/05\/IMG-20220506-WA0003.jpg\"><img loading=\"lazy\" decoding=\"async\" class=\"aligncenter size-large wp-image-5812\" src=\"https:\/\/agora.xtec.cat\/ceip-salvador-espriu-roda\/wp-content\/uploads\/usu1367\/2022\/05\/IMG-20220506-WA0003-724x1024.jpg\" alt=\"\" width=\"724\" height=\"1024\" srcset=\"https:\/\/agora.xtec.cat\/ceip-salvador-espriu-roda\/wp-content\/uploads\/usu1367\/2022\/05\/IMG-20220506-WA0003-724x1024.jpg 724w, https:\/\/agora.xtec.cat\/ceip-salvador-espriu-roda\/wp-content\/uploads\/usu1367\/2022\/05\/IMG-20220506-WA0003-212x300.jpg 212w, https:\/\/agora.xtec.cat\/ceip-salvador-espriu-roda\/wp-content\/uploads\/usu1367\/2022\/05\/IMG-20220506-WA0003-768x1086.jpg 768w, https:\/\/agora.xtec.cat\/ceip-salvador-espriu-roda\/wp-content\/uploads\/usu1367\/2022\/05\/IMG-20220506-WA0003-1086x1536.jpg 1086w, https:\/\/agora.xtec.cat\/ceip-salvador-espriu-roda\/wp-content\/uploads\/usu1367\/2022\/05\/IMG-20220506-WA0003.jpg 1131w\" sizes=\"auto, (max-width: 724px) 100vw, 724px\" \/><\/a><\/p>\n","protected":false},"excerpt":{"rendered":"<p>El dia 13 de maig celebrem el dia de les fam\u00edlies, el vostre dia.<br \/>\nNosaltres volem fer honor a la import\u00e0ncia que teniu i per aix\u00f2 hem preparat un conjunt d&#8217;activitats per vosaltres i l&#8217;alumnat de l&#8217;escola.<\/p>\n","protected":false},"author":1,"featured_media":5812,"comment_status":"closed","ping_status":"closed","sticky":false,"template":"","format":"standard","meta":{"_bbp_topic_count":0,"_bbp_reply_count":0,"_bbp_total_topic_count":0,"_bbp_total_reply_count":0,"_bbp_voice_count":0,"_bbp_anonymous_reply_count":0,"_bbp_topic_count_hidden":0,"_bbp_reply_count_hidden":0,"_bbp_forum_subforum_count":0,"footnotes":""},"categories":[79,1,55,4],"tags":[],"class_list":["post-5810","post","type-post","status-publish","format-standard","has-post-thumbnail","hentry","category-escola-formadora","category-general","category-informacions-diverses","category-portada"],"post_mailing_queue_ids":[],"_links":{"self":[{"href":"https:\/\/agora.xtec.cat\/ceip-salvador-espriu-roda\/wp-json\/wp\/v2\/posts\/5810","targetHints":{"allow":["GET"]}}],"collection":[{"href":"https:\/\/agora.xtec.cat\/ceip-salvador-espriu-roda\/wp-json\/wp\/v2\/posts"}],"about":[{"href":"https:\/\/agora.xtec.cat\/ceip-salvador-espriu-roda\/wp-json\/wp\/v2\/types\/post"}],"author":[{"embeddable":true,"href":"https:\/\/agora.xtec.cat\/ceip-salvador-espriu-roda\/wp-json\/wp\/v2\/users\/1"}],"replies":[{"embeddable":true,"href":"https:\/\/agora.xtec.cat\/ceip-salvador-espriu-roda\/wp-json\/wp\/v2\/comments?post=5810"}],"version-history":[{"count":3,"href":"https:\/\/agora.xtec.cat\/ceip-salvador-espriu-roda\/wp-json\/wp\/v2\/posts\/5810\/revisions"}],"predecessor-version":[{"id":5814,"href":"https:\/\/agora.xtec.cat\/ceip-salvador-espriu-roda\/wp-json\/wp\/v2\/posts\/5810\/revisions\/5814"}],"wp:featuredmedia":[{"embeddable":true,"href":"https:\/\/agora.xtec.cat\/ceip-salvador-espriu-roda\/wp-json\/wp\/v2\/media\/5812"}],"wp:attachment":[{"href":"https:\/\/agora.xtec.cat\/ceip-salvador-espriu-roda\/wp-json\/wp\/v2\/media?parent=5810"}],"wp:term":[{"taxonomy":"category","embeddable":true,"href":"https:\/\/agora.xtec.cat\/ceip-salvador-espriu-roda\/wp-json\/wp\/v2\/categories?post=5810"},{"taxonomy":"post_tag","embeddable":true,"href":"https:\/\/agora.xtec.cat\/ceip-salvador-espriu-roda\/wp-json\/wp\/v2\/tags?post=5810"}],"curies":[{"name":"wp","href":"https:\/\/api.w.org\/{rel}","templated":true}]}}