{"id":5777,"date":"2022-04-28T13:11:42","date_gmt":"2022-04-28T11:11:42","guid":{"rendered":"https:\/\/agora.xtec.cat\/ceip-salvador-espriu-roda\/?p=5777"},"modified":"2022-05-02T12:46:27","modified_gmt":"2022-05-02T10:46:27","slug":"dia-de-leducacio-fisica-al-carrer","status":"publish","type":"post","link":"https:\/\/agora.xtec.cat\/ceip-salvador-espriu-roda\/general\/dia-de-leducacio-fisica-al-carrer\/","title":{"rendered":"Dia de l&#8217;educaci\u00f3 f\u00edsica al carrer!"},"content":{"rendered":"<p style=\"text-align: justify;\">Ahir dia 27 d&#8217;abril va ser el dia de l&#8217;educaci\u00f3 f\u00edsica al carrer. Per aix\u00f2, l&#8217;alumnat dels cursos de 1rB, 2nB i 3rB van gaudir de l&#8217;activitat f\u00edsica a la pla\u00e7a de la Sardana, a Roda. Us deixem unes imatges.<\/p>\n<p style=\"text-align: right;\"><img loading=\"lazy\" decoding=\"async\" class=\"size-medium wp-image-5782 alignleft\" src=\"https:\/\/agora.xtec.cat\/ceip-salvador-espriu-roda\/wp-content\/uploads\/usu1367\/2022\/04\/IMG-20220427-WA0020-300x135.jpg\" alt=\"\" width=\"300\" height=\"135\" srcset=\"https:\/\/agora.xtec.cat\/ceip-salvador-espriu-roda\/wp-content\/uploads\/usu1367\/2022\/04\/IMG-20220427-WA0020-300x135.jpg 300w, https:\/\/agora.xtec.cat\/ceip-salvador-espriu-roda\/wp-content\/uploads\/usu1367\/2022\/04\/IMG-20220427-WA0020-1024x461.jpg 1024w, https:\/\/agora.xtec.cat\/ceip-salvador-espriu-roda\/wp-content\/uploads\/usu1367\/2022\/04\/IMG-20220427-WA0020-768x346.jpg 768w, https:\/\/agora.xtec.cat\/ceip-salvador-espriu-roda\/wp-content\/uploads\/usu1367\/2022\/04\/IMG-20220427-WA0020-1536x691.jpg 1536w, https:\/\/agora.xtec.cat\/ceip-salvador-espriu-roda\/wp-content\/uploads\/usu1367\/2022\/04\/IMG-20220427-WA0020.jpg 2000w\" sizes=\"auto, (max-width: 300px) 100vw, 300px\" \/> <em><a href=\"https:\/\/agora.xtec.cat\/ceip-salvador-espriu-roda\/wp-content\/uploads\/usu1367\/2022\/04\/IMG-20220427-WA0018.jpg\"><img loading=\"lazy\" decoding=\"async\" class=\"size-medium wp-image-5783 alignleft\" src=\"https:\/\/agora.xtec.cat\/ceip-salvador-espriu-roda\/wp-content\/uploads\/usu1367\/2022\/04\/IMG-20220427-WA0018-300x135.jpg\" alt=\"\" width=\"300\" height=\"135\" srcset=\"https:\/\/agora.xtec.cat\/ceip-salvador-espriu-roda\/wp-content\/uploads\/usu1367\/2022\/04\/IMG-20220427-WA0018-300x135.jpg 300w, https:\/\/agora.xtec.cat\/ceip-salvador-espriu-roda\/wp-content\/uploads\/usu1367\/2022\/04\/IMG-20220427-WA0018-1024x461.jpg 1024w, https:\/\/agora.xtec.cat\/ceip-salvador-espriu-roda\/wp-content\/uploads\/usu1367\/2022\/04\/IMG-20220427-WA0018-768x346.jpg 768w, https:\/\/agora.xtec.cat\/ceip-salvador-espriu-roda\/wp-content\/uploads\/usu1367\/2022\/04\/IMG-20220427-WA0018-1536x691.jpg 1536w, https:\/\/agora.xtec.cat\/ceip-salvador-espriu-roda\/wp-content\/uploads\/usu1367\/2022\/04\/IMG-20220427-WA0018.jpg 2000w\" sizes=\"auto, (max-width: 300px) 100vw, 300px\" \/><\/a><\/em><\/p>\n","protected":false},"excerpt":{"rendered":"<p>Ahir dia 27 d&#8217;abril va ser el dia de l&#8217;educaci\u00f3 f\u00edsica al carrer. Per aix\u00f2, l&#8217;alumnat dels cursos de 1rB, 2nB i 3rB van gaudir de l&#8217;activitat f\u00edsica a la pla\u00e7a de la Sardana, a Roda. Us deixem unes imatges.<br \/>\n <a href=\"https:\/\/agora.xtec.cat\/ceip-salvador-espriu-roda\/wp-content\/uploads\/usu1367\/2022\/04\/IMG-20220427-WA0018.jpg\"><\/a><\/p>\n","protected":false},"author":1,"featured_media":5778,"comment_status":"open","ping_status":"closed","sticky":false,"template":"","format":"standard","meta":{"_bbp_topic_count":0,"_bbp_reply_count":0,"_bbp_total_topic_count":0,"_bbp_total_reply_count":0,"_bbp_voice_count":0,"_bbp_anonymous_reply_count":0,"_bbp_topic_count_hidden":0,"_bbp_reply_count_hidden":0,"_bbp_forum_subforum_count":0,"footnotes":""},"categories":[109,110,111,1,78,4],"tags":[],"class_list":["post-5777","post","type-post","status-publish","format-standard","has-post-thumbnail","hentry","category-1r","category-2n","category-3r","category-general","category-pla-catala-de-lesport","category-portada"],"post_mailing_queue_ids":[],"_links":{"self":[{"href":"https:\/\/agora.xtec.cat\/ceip-salvador-espriu-roda\/wp-json\/wp\/v2\/posts\/5777","targetHints":{"allow":["GET"]}}],"collection":[{"href":"https:\/\/agora.xtec.cat\/ceip-salvador-espriu-roda\/wp-json\/wp\/v2\/posts"}],"about":[{"href":"https:\/\/agora.xtec.cat\/ceip-salvador-espriu-roda\/wp-json\/wp\/v2\/types\/post"}],"author":[{"embeddable":true,"href":"https:\/\/agora.xtec.cat\/ceip-salvador-espriu-roda\/wp-json\/wp\/v2\/users\/1"}],"replies":[{"embeddable":true,"href":"https:\/\/agora.xtec.cat\/ceip-salvador-espriu-roda\/wp-json\/wp\/v2\/comments?post=5777"}],"version-history":[{"count":3,"href":"https:\/\/agora.xtec.cat\/ceip-salvador-espriu-roda\/wp-json\/wp\/v2\/posts\/5777\/revisions"}],"predecessor-version":[{"id":5800,"href":"https:\/\/agora.xtec.cat\/ceip-salvador-espriu-roda\/wp-json\/wp\/v2\/posts\/5777\/revisions\/5800"}],"wp:featuredmedia":[{"embeddable":true,"href":"https:\/\/agora.xtec.cat\/ceip-salvador-espriu-roda\/wp-json\/wp\/v2\/media\/5778"}],"wp:attachment":[{"href":"https:\/\/agora.xtec.cat\/ceip-salvador-espriu-roda\/wp-json\/wp\/v2\/media?parent=5777"}],"wp:term":[{"taxonomy":"category","embeddable":true,"href":"https:\/\/agora.xtec.cat\/ceip-salvador-espriu-roda\/wp-json\/wp\/v2\/categories?post=5777"},{"taxonomy":"post_tag","embeddable":true,"href":"https:\/\/agora.xtec.cat\/ceip-salvador-espriu-roda\/wp-json\/wp\/v2\/tags?post=5777"}],"curies":[{"name":"wp","href":"https:\/\/api.w.org\/{rel}","templated":true}]}}