{"id":5767,"date":"2022-04-27T08:53:49","date_gmt":"2022-04-27T06:53:49","guid":{"rendered":"https:\/\/agora.xtec.cat\/ceip-salvador-espriu-roda\/?p=5767"},"modified":"2022-04-27T08:53:49","modified_gmt":"2022-04-27T06:53:49","slug":"sant-jordi-2022","status":"publish","type":"post","link":"https:\/\/agora.xtec.cat\/ceip-salvador-espriu-roda\/general\/sant-jordi-2022\/","title":{"rendered":"Sant Jordi 2022"},"content":{"rendered":"<p style=\"text-align: justify;\">Hola fam\u00edlies,<\/p>\n<p style=\"text-align: justify;\">El passat divendres 22 d&#8217;abril es va dur a terme al pati de l&#8217;escola l&#8217;entrega de premis del X Certamen Literari Salvador Espriu d&#8217;Or amb l&#8217;assist\u00e8ncia de les fam\u00edlies, de l&#8217;alumnat finalista i el ball del cap gros Salvador Espriu de l&#8217;escola. Va ser una tarda on tots i totes vam gaudir de l&#8217;acte d&#8217;aquest dia tan assenyalat.<\/p>\n<p>Els guanyadors\/es van ser:<\/p>\n<p>1er: Yulia Val Kovalenko.<\/p>\n<p>2on: Jan Harraki Filipe<\/p>\n<p>3er: Kawtar Dahnoun.<\/p>\n<p>4t: Aroa Amador Cruz.<\/p>\n<p>5\u00e8: Lia Aguilera L\u00f3pez.<\/p>\n<p>6\u00e8: Llara Men\u00e9ndez Quir\u00f3s.<\/p>\n<p style=\"text-align: justify;\">Us deixem unes imatges de l&#8217;acte, aix\u00ed com els textos guanyadors.<\/p>\n<p style=\"text-align: justify;\">Gr\u00e0cies a tothom per participar-hi!!<\/p>\n<p><a href=\"https:\/\/photos.app.goo.gl\/kNmuhYFaPTPZEBJ58\"><img loading=\"lazy\" decoding=\"async\" class=\"aligncenter wp-image-5773 size-large\" src=\"https:\/\/agora.xtec.cat\/ceip-salvador-espriu-roda\/wp-content\/uploads\/usu1367\/2022\/04\/org.escolaIMG_0737-1024x683.jpg\" alt=\"\" width=\"1024\" height=\"683\" srcset=\"https:\/\/agora.xtec.cat\/ceip-salvador-espriu-roda\/wp-content\/uploads\/usu1367\/2022\/04\/org.escolaIMG_0737-1024x683.jpg 1024w, https:\/\/agora.xtec.cat\/ceip-salvador-espriu-roda\/wp-content\/uploads\/usu1367\/2022\/04\/org.escolaIMG_0737-300x200.jpg 300w, https:\/\/agora.xtec.cat\/ceip-salvador-espriu-roda\/wp-content\/uploads\/usu1367\/2022\/04\/org.escolaIMG_0737-768x512.jpg 768w, https:\/\/agora.xtec.cat\/ceip-salvador-espriu-roda\/wp-content\/uploads\/usu1367\/2022\/04\/org.escolaIMG_0737-1536x1024.jpg 1536w, https:\/\/agora.xtec.cat\/ceip-salvador-espriu-roda\/wp-content\/uploads\/usu1367\/2022\/04\/org.escolaIMG_0737-2048x1365.jpg 2048w\" sizes=\"auto, (max-width: 1024px) 100vw, 1024px\" \/><\/a><\/p>\n<p>&nbsp;<\/p>\n","protected":false},"excerpt":{"rendered":"<p>Hola fam\u00edlies,<br \/>\nEl passat divendres 22 d&#8217;abril es va dur a terme al pati de l&#8217;escola l&#8217;entrega de premis del X Certamen Literari Salvador Espriu d&#8217;Or amb l&#8217;assist\u00e8ncia de les fam\u00edlies, de l&#8217;alumnat finalista i el ball del cap gros Salvador Espriu de l&#8217;escola. Va ser&hellip;  <a href=\"https:\/\/agora.xtec.cat\/ceip-salvador-espriu-roda\/general\/sant-jordi-2022\/\" title=\"Read Sant Jordi 2022\">Llegeix m\u00e9s\u00bb<\/a><\/p>\n","protected":false},"author":1,"featured_media":5772,"comment_status":"closed","ping_status":"closed","sticky":false,"template":"","format":"standard","meta":{"_bbp_topic_count":0,"_bbp_reply_count":0,"_bbp_total_topic_count":0,"_bbp_total_reply_count":0,"_bbp_voice_count":0,"_bbp_anonymous_reply_count":0,"_bbp_topic_count_hidden":0,"_bbp_reply_count_hidden":0,"_bbp_forum_subforum_count":0,"footnotes":""},"categories":[68,1,55,4,129,72],"tags":[],"class_list":["post-5767","post","type-post","status-publish","format-standard","has-post-thumbnail","hentry","category-festes","category-general","category-informacions-diverses","category-portada","category-projecte-linguistic","category-sant-jordi"],"post_mailing_queue_ids":[],"_links":{"self":[{"href":"https:\/\/agora.xtec.cat\/ceip-salvador-espriu-roda\/wp-json\/wp\/v2\/posts\/5767","targetHints":{"allow":["GET"]}}],"collection":[{"href":"https:\/\/agora.xtec.cat\/ceip-salvador-espriu-roda\/wp-json\/wp\/v2\/posts"}],"about":[{"href":"https:\/\/agora.xtec.cat\/ceip-salvador-espriu-roda\/wp-json\/wp\/v2\/types\/post"}],"author":[{"embeddable":true,"href":"https:\/\/agora.xtec.cat\/ceip-salvador-espriu-roda\/wp-json\/wp\/v2\/users\/1"}],"replies":[{"embeddable":true,"href":"https:\/\/agora.xtec.cat\/ceip-salvador-espriu-roda\/wp-json\/wp\/v2\/comments?post=5767"}],"version-history":[{"count":3,"href":"https:\/\/agora.xtec.cat\/ceip-salvador-espriu-roda\/wp-json\/wp\/v2\/posts\/5767\/revisions"}],"predecessor-version":[{"id":5776,"href":"https:\/\/agora.xtec.cat\/ceip-salvador-espriu-roda\/wp-json\/wp\/v2\/posts\/5767\/revisions\/5776"}],"wp:featuredmedia":[{"embeddable":true,"href":"https:\/\/agora.xtec.cat\/ceip-salvador-espriu-roda\/wp-json\/wp\/v2\/media\/5772"}],"wp:attachment":[{"href":"https:\/\/agora.xtec.cat\/ceip-salvador-espriu-roda\/wp-json\/wp\/v2\/media?parent=5767"}],"wp:term":[{"taxonomy":"category","embeddable":true,"href":"https:\/\/agora.xtec.cat\/ceip-salvador-espriu-roda\/wp-json\/wp\/v2\/categories?post=5767"},{"taxonomy":"post_tag","embeddable":true,"href":"https:\/\/agora.xtec.cat\/ceip-salvador-espriu-roda\/wp-json\/wp\/v2\/tags?post=5767"}],"curies":[{"name":"wp","href":"https:\/\/api.w.org\/{rel}","templated":true}]}}