{"id":5760,"date":"2022-04-21T12:24:28","date_gmt":"2022-04-21T10:24:28","guid":{"rendered":"https:\/\/agora.xtec.cat\/ceip-salvador-espriu-roda\/?p=5760"},"modified":"2022-04-22T10:15:22","modified_gmt":"2022-04-22T08:15:22","slug":"publicacio-llistat-amb-barem-provisional","status":"publish","type":"post","link":"https:\/\/agora.xtec.cat\/ceip-salvador-espriu-roda\/general\/publicacio-llistat-amb-barem-provisional\/","title":{"rendered":"Publicaci\u00f3 llistat amb barem provisional"},"content":{"rendered":"<p style=\"text-align: justify;\">Tal i com estableix el calendari que regeix el proc\u00e9s de preinscripci\u00f3, pel curs 2022-2023, publiquem el llistat amb el barem provisional.<\/p>\n<p style=\"text-align: justify;\">El podeu consultar al seg\u00fcent document: <a href=\"https:\/\/agora.xtec.cat\/ceip-salvador-espriu-roda\/wp-content\/uploads\/usu1367\/2022\/04\/curs_2022_23INFORME_BAREM_PROVISIONAL_BAREM.pdf\">Barem Provisional<\/a><\/p>\n<p style=\"text-align: justify;\">A partir de divendres 22 d\u2019abril, a les 9 h, es podran presentar les reclamacions. Teniu tota la informaci\u00f3 al seg\u00fcent enlla\u00e7:\u00a0<a href=\"https:\/\/preinscripcio.gencat.cat\/ca\/estudis\/primaria\/preinscriute\/seguiment-sollicitud\/reclamacions-puntuacio-provisional\/\">https:\/\/preinscripcio.gencat.cat\/ca\/estudis\/primaria\/preinscriute\/seguiment-sollicitud\/reclamacions-puntuacio-provisional\/<\/a><\/p>\n","protected":false},"excerpt":{"rendered":"<p>Tal i com estableix el calendari que regeix el proc\u00e9s de preinscripci\u00f3, pel curs 2022-2023, publiquem el llistat amb el barem provisional.<br \/>\nEl podeu consultar al seg\u00fcent document: <a href=\"https:\/\/agora.xtec.cat\/ceip-salvador-espriu-roda\/wp-content\/uploads\/usu1367\/2022\/04\/curs_2022_23INFORME_BAREM_PROVISIONAL_BAREM.pdf\">Barem Provisional<\/a><br \/>\nA partir de divendres 22 d\u2019abril, a les 9 h, es podran presentar les reclamacions. Teniu&hellip;  <a href=\"https:\/\/agora.xtec.cat\/ceip-salvador-espriu-roda\/general\/publicacio-llistat-amb-barem-provisional\/\" title=\"Read Publicaci\u00f3 llistat amb barem provisional\">Llegeix m\u00e9s\u00bb<\/a><\/p>\n","protected":false},"author":1,"featured_media":0,"comment_status":"closed","ping_status":"closed","sticky":false,"template":"","format":"standard","meta":{"_bbp_topic_count":0,"_bbp_reply_count":0,"_bbp_total_topic_count":0,"_bbp_total_reply_count":0,"_bbp_voice_count":0,"_bbp_anonymous_reply_count":0,"_bbp_topic_count_hidden":0,"_bbp_reply_count_hidden":0,"_bbp_forum_subforum_count":0,"footnotes":""},"categories":[1,55,4],"tags":[],"class_list":["post-5760","post","type-post","status-publish","format-standard","hentry","category-general","category-informacions-diverses","category-portada"],"post_mailing_queue_ids":[],"_links":{"self":[{"href":"https:\/\/agora.xtec.cat\/ceip-salvador-espriu-roda\/wp-json\/wp\/v2\/posts\/5760","targetHints":{"allow":["GET"]}}],"collection":[{"href":"https:\/\/agora.xtec.cat\/ceip-salvador-espriu-roda\/wp-json\/wp\/v2\/posts"}],"about":[{"href":"https:\/\/agora.xtec.cat\/ceip-salvador-espriu-roda\/wp-json\/wp\/v2\/types\/post"}],"author":[{"embeddable":true,"href":"https:\/\/agora.xtec.cat\/ceip-salvador-espriu-roda\/wp-json\/wp\/v2\/users\/1"}],"replies":[{"embeddable":true,"href":"https:\/\/agora.xtec.cat\/ceip-salvador-espriu-roda\/wp-json\/wp\/v2\/comments?post=5760"}],"version-history":[{"count":3,"href":"https:\/\/agora.xtec.cat\/ceip-salvador-espriu-roda\/wp-json\/wp\/v2\/posts\/5760\/revisions"}],"predecessor-version":[{"id":5766,"href":"https:\/\/agora.xtec.cat\/ceip-salvador-espriu-roda\/wp-json\/wp\/v2\/posts\/5760\/revisions\/5766"}],"wp:attachment":[{"href":"https:\/\/agora.xtec.cat\/ceip-salvador-espriu-roda\/wp-json\/wp\/v2\/media?parent=5760"}],"wp:term":[{"taxonomy":"category","embeddable":true,"href":"https:\/\/agora.xtec.cat\/ceip-salvador-espriu-roda\/wp-json\/wp\/v2\/categories?post=5760"},{"taxonomy":"post_tag","embeddable":true,"href":"https:\/\/agora.xtec.cat\/ceip-salvador-espriu-roda\/wp-json\/wp\/v2\/tags?post=5760"}],"curies":[{"name":"wp","href":"https:\/\/api.w.org\/{rel}","templated":true}]}}