{"id":5708,"date":"2022-04-07T16:59:27","date_gmt":"2022-04-07T14:59:27","guid":{"rendered":"https:\/\/agora.xtec.cat\/ceip-salvador-espriu-roda\/?p=5708"},"modified":"2022-04-07T16:59:27","modified_gmt":"2022-04-07T14:59:27","slug":"deixem-anar-un-xoriguer","status":"publish","type":"post","link":"https:\/\/agora.xtec.cat\/ceip-salvador-espriu-roda\/general\/deixem-anar-un-xoriguer\/","title":{"rendered":"Deixem anar un xoriguer"},"content":{"rendered":"<p>Ens han vingut a visitar als nens i nenes de 5\u00e8 membres del cos d\u2019agents rurals de la Generalitat de Catalunya i ens van parlar de les orenetes, els falciots i els ballesters, ocells migratoris que ens arriben amb el bon temps. L&#8217;activitat ha sigut molt interesant i hem apr\u00e8s que aquests ocells s\u00f3n <a href=\"https:\/\/interior.gencat.cat\/web\/.content\/home\/030_arees_dactuacio\/agents_rurals\/01-departament\/agents-rurals\/enllacos-documents\/educar-educacio-sensibilitzacio-ambiental\/fitxers-binaris\/millor-insecticida-natural-orenetes-falciots-ballesters-educacio-educar.pdf\">el millor insecticida natural<\/a>. Si els tenim al nostre voltant, ara que s\u2019apropa l\u2019estiu, no ens haurem de preocupar pels mosquits. Abans de la xerrada han deixat anar un xoriguer, un au rapinyaire que han tingut cuidant fins que s&#8217;ha curat.<\/p>\n<ul style=\"list-style-type: square;\">\n<li>L\u2019oreneta cuablanca fa els nius amb boletes de fang i saliva. Fan els nius sols i per entrar hi deixen un forat\u00a0 petit.<\/li>\n<li>L\u2019oreneta vulgar t\u00e9 la cua llarga i enforquillada, fa el niu de fang i palla. Viuen\u00a0en col\u00f2nies, i el seu niu t\u00e9 una obertura molt gran. S\u00f3n les que veiem que a vegades descansen als cables de la llum.<\/li>\n<li>El falciot cria als forats dels edificis. T\u00e9 les ales molt llargues i les potes petites. Si cau del niu quan \u00e9s una cria no pot tornar a volar perqu\u00e8 les ales li toquen al terra.<\/li>\n<li>El ballester \u00e9s el m\u00e9s gran de tots, t\u00e9 la panxa blanca. Cria ens els forats i les escletxes dels edificis alts.<\/li>\n<\/ul>\n<p>Ja ho sabeu, ara que s\u2019acosta la calor res millor que tenir un niu d\u2019<a href=\"https:\/\/www.orenetes.cat\/\">orenetes<\/a>\u00a0al balc\u00f3 per mantenir els mosquits a ratlla!<\/p>\n<p><a href=\"https:\/\/photos.app.goo.gl\/sSgd7jmoGVAbp8HW9\"><img loading=\"lazy\" decoding=\"async\" class=\"aligncenter  wp-image-5710\" src=\"https:\/\/agora.xtec.cat\/ceip-salvador-espriu-roda\/wp-content\/uploads\/usu1367\/2022\/04\/IMG_3447-1024x683.jpg\" alt=\"\" width=\"701\" height=\"467\" srcset=\"https:\/\/agora.xtec.cat\/ceip-salvador-espriu-roda\/wp-content\/uploads\/usu1367\/2022\/04\/IMG_3447-1024x683.jpg 1024w, https:\/\/agora.xtec.cat\/ceip-salvador-espriu-roda\/wp-content\/uploads\/usu1367\/2022\/04\/IMG_3447-300x200.jpg 300w, https:\/\/agora.xtec.cat\/ceip-salvador-espriu-roda\/wp-content\/uploads\/usu1367\/2022\/04\/IMG_3447-768x512.jpg 768w, https:\/\/agora.xtec.cat\/ceip-salvador-espriu-roda\/wp-content\/uploads\/usu1367\/2022\/04\/IMG_3447-1536x1024.jpg 1536w, https:\/\/agora.xtec.cat\/ceip-salvador-espriu-roda\/wp-content\/uploads\/usu1367\/2022\/04\/IMG_3447.jpg 1773w\" sizes=\"auto, (max-width: 701px) 100vw, 701px\" \/><\/a><\/p>\n","protected":false},"excerpt":{"rendered":"<p>Ens han vingut a visitar als nens i nenes de 5\u00e8 membres del cos d\u2019agents rurals de la Generalitat de Catalunya i ens van parlar de les orenetes, els falciots i els ballesters, ocells migratoris que ens arriben amb el bon temps. L&#8217;activitat ha sigut&hellip;  <a href=\"https:\/\/agora.xtec.cat\/ceip-salvador-espriu-roda\/general\/deixem-anar-un-xoriguer\/\" title=\"Read Deixem anar un xoriguer\">Llegeix m\u00e9s\u00bb<\/a><\/p>\n","protected":false},"author":1,"featured_media":5710,"comment_status":"closed","ping_status":"closed","sticky":false,"template":"","format":"standard","meta":{"_bbp_topic_count":0,"_bbp_reply_count":0,"_bbp_total_topic_count":0,"_bbp_total_reply_count":0,"_bbp_voice_count":0,"_bbp_anonymous_reply_count":0,"_bbp_topic_count_hidden":0,"_bbp_reply_count_hidden":0,"_bbp_forum_subforum_count":0,"footnotes":""},"categories":[113,126,1,103,55,4],"tags":[],"class_list":["post-5708","post","type-post","status-publish","format-standard","has-post-thumbnail","hentry","category-5e","category-educacio-mediambiental","category-general","category-hem-fet-a-escola","category-informacions-diverses","category-portada"],"post_mailing_queue_ids":[],"_links":{"self":[{"href":"https:\/\/agora.xtec.cat\/ceip-salvador-espriu-roda\/wp-json\/wp\/v2\/posts\/5708","targetHints":{"allow":["GET"]}}],"collection":[{"href":"https:\/\/agora.xtec.cat\/ceip-salvador-espriu-roda\/wp-json\/wp\/v2\/posts"}],"about":[{"href":"https:\/\/agora.xtec.cat\/ceip-salvador-espriu-roda\/wp-json\/wp\/v2\/types\/post"}],"author":[{"embeddable":true,"href":"https:\/\/agora.xtec.cat\/ceip-salvador-espriu-roda\/wp-json\/wp\/v2\/users\/1"}],"replies":[{"embeddable":true,"href":"https:\/\/agora.xtec.cat\/ceip-salvador-espriu-roda\/wp-json\/wp\/v2\/comments?post=5708"}],"version-history":[{"count":2,"href":"https:\/\/agora.xtec.cat\/ceip-salvador-espriu-roda\/wp-json\/wp\/v2\/posts\/5708\/revisions"}],"predecessor-version":[{"id":5711,"href":"https:\/\/agora.xtec.cat\/ceip-salvador-espriu-roda\/wp-json\/wp\/v2\/posts\/5708\/revisions\/5711"}],"wp:featuredmedia":[{"embeddable":true,"href":"https:\/\/agora.xtec.cat\/ceip-salvador-espriu-roda\/wp-json\/wp\/v2\/media\/5710"}],"wp:attachment":[{"href":"https:\/\/agora.xtec.cat\/ceip-salvador-espriu-roda\/wp-json\/wp\/v2\/media?parent=5708"}],"wp:term":[{"taxonomy":"category","embeddable":true,"href":"https:\/\/agora.xtec.cat\/ceip-salvador-espriu-roda\/wp-json\/wp\/v2\/categories?post=5708"},{"taxonomy":"post_tag","embeddable":true,"href":"https:\/\/agora.xtec.cat\/ceip-salvador-espriu-roda\/wp-json\/wp\/v2\/tags?post=5708"}],"curies":[{"name":"wp","href":"https:\/\/api.w.org\/{rel}","templated":true}]}}