{"id":5506,"date":"2022-03-03T15:47:15","date_gmt":"2022-03-03T14:47:15","guid":{"rendered":"https:\/\/agora.xtec.cat\/ceip-salvador-espriu-roda\/?p=5506"},"modified":"2022-06-27T09:25:20","modified_gmt":"2022-06-27T07:25:20","slug":"preinscripcio-2022-2023","status":"publish","type":"post","link":"https:\/\/agora.xtec.cat\/ceip-salvador-espriu-roda\/general\/preinscripcio-2022-2023\/","title":{"rendered":"Preinscripci\u00f3 2022- 2023"},"content":{"rendered":"<p style=\"text-align: justify;\">Hola fam\u00edlies,<\/p>\n<p style=\"text-align: justify;\">En aquesta entrada us explicarem com ser\u00e0 <strong>Preinscripci\u00f3 2022-2023\u00a0<\/strong>a trav\u00e9s dels diferents documents que trobareu m\u00e9s avall.<!--more--><\/p>\n<p style=\"text-align: justify;\">En primer lloc, us deixem l&#8217;enlla\u00e7 al document amb la informaci\u00f3 de la preinscripci\u00f3: <a href=\"https:\/\/agora.xtec.cat\/ceip-salvador-espriu-roda\/wp-content\/uploads\/usu1367\/2022\/03\/Informacio-preinscripccio.pdf\">Informaci\u00f3 Preinscripci\u00f3 2022-2023<\/a> Aix\u00ed com un video de com fer-ho:\u00a0<a href=\"https:\/\/www.youtube.com\/watch?v=0kztL1IQD4c\">Com emplenar la sol\u00b7licitud de preinscripci\u00f3 <\/a>I l&#8217;enlla\u00e7 a la preinscripci\u00f3:\u00a0<a href=\"https:\/\/preinscripcio.gencat.cat\/ca\/inici\">web de la preinscripci\u00f3<\/a><\/p>\n<p style=\"text-align: justify;\">En segon lloc, la publicaci\u00f3 amb l&#8217;oferta inicial de places del nostre centre:\u00a0<a href=\"https:\/\/agora.xtec.cat\/ceip-salvador-espriu-roda\/wp-content\/uploads\/usu1367\/2022\/03\/Publicacio-oferta-inicial.pdf\">Oferta inicial de places<\/a><\/p>\n<p style=\"text-align: justify;\">Per \u00faltim, trobareu el document amb el calendari de la preinscripci\u00f3: <a href=\"https:\/\/agora.xtec.cat\/ceip-salvador-espriu-roda\/wp-content\/uploads\/usu1367\/2022\/03\/Calendari-preinscripccio-2022-23.pdf\">Calendari Preinscripci\u00f3 2022-2023<\/a><\/p>\n<p><a href=\"https:\/\/agora.xtec.cat\/ceip-salvador-espriu-roda\/wp-content\/uploads\/usu1367\/2022\/03\/f-e1646319528522.png\"><img loading=\"lazy\" decoding=\"async\" class=\"aligncenter wp-image-5516 size-large\" src=\"https:\/\/agora.xtec.cat\/ceip-salvador-espriu-roda\/wp-content\/uploads\/usu1367\/2022\/03\/f-e1646319528522-1024x686.png\" alt=\"\" width=\"1024\" height=\"686\" srcset=\"https:\/\/agora.xtec.cat\/ceip-salvador-espriu-roda\/wp-content\/uploads\/usu1367\/2022\/03\/f-e1646319528522-1024x686.png 1024w, https:\/\/agora.xtec.cat\/ceip-salvador-espriu-roda\/wp-content\/uploads\/usu1367\/2022\/03\/f-e1646319528522-300x201.png 300w, https:\/\/agora.xtec.cat\/ceip-salvador-espriu-roda\/wp-content\/uploads\/usu1367\/2022\/03\/f-e1646319528522-768x515.png 768w, https:\/\/agora.xtec.cat\/ceip-salvador-espriu-roda\/wp-content\/uploads\/usu1367\/2022\/03\/f-e1646319528522.png 1195w\" sizes=\"auto, (max-width: 1024px) 100vw, 1024px\" \/><\/a><\/p>\n","protected":false},"excerpt":{"rendered":"<p>Hola fam\u00edlies,<br \/>\nEn aquesta entrada us explicarem com ser\u00e0 Preinscripci\u00f3 2022-2023\u00a0a trav\u00e9s dels diferents documents que trobareu m\u00e9s avall.<\/p>\n","protected":false},"author":1,"featured_media":5511,"comment_status":"closed","ping_status":"closed","sticky":false,"template":"","format":"standard","meta":{"_bbp_topic_count":0,"_bbp_reply_count":0,"_bbp_total_topic_count":0,"_bbp_total_reply_count":0,"_bbp_voice_count":0,"_bbp_anonymous_reply_count":0,"_bbp_topic_count_hidden":0,"_bbp_reply_count_hidden":0,"_bbp_forum_subforum_count":0,"footnotes":""},"categories":[1,55,4],"tags":[],"class_list":["post-5506","post","type-post","status-publish","format-standard","has-post-thumbnail","hentry","category-general","category-informacions-diverses","category-portada"],"post_mailing_queue_ids":[],"_links":{"self":[{"href":"https:\/\/agora.xtec.cat\/ceip-salvador-espriu-roda\/wp-json\/wp\/v2\/posts\/5506","targetHints":{"allow":["GET"]}}],"collection":[{"href":"https:\/\/agora.xtec.cat\/ceip-salvador-espriu-roda\/wp-json\/wp\/v2\/posts"}],"about":[{"href":"https:\/\/agora.xtec.cat\/ceip-salvador-espriu-roda\/wp-json\/wp\/v2\/types\/post"}],"author":[{"embeddable":true,"href":"https:\/\/agora.xtec.cat\/ceip-salvador-espriu-roda\/wp-json\/wp\/v2\/users\/1"}],"replies":[{"embeddable":true,"href":"https:\/\/agora.xtec.cat\/ceip-salvador-espriu-roda\/wp-json\/wp\/v2\/comments?post=5506"}],"version-history":[{"count":3,"href":"https:\/\/agora.xtec.cat\/ceip-salvador-espriu-roda\/wp-json\/wp\/v2\/posts\/5506\/revisions"}],"predecessor-version":[{"id":5576,"href":"https:\/\/agora.xtec.cat\/ceip-salvador-espriu-roda\/wp-json\/wp\/v2\/posts\/5506\/revisions\/5576"}],"wp:featuredmedia":[{"embeddable":true,"href":"https:\/\/agora.xtec.cat\/ceip-salvador-espriu-roda\/wp-json\/wp\/v2\/media\/5511"}],"wp:attachment":[{"href":"https:\/\/agora.xtec.cat\/ceip-salvador-espriu-roda\/wp-json\/wp\/v2\/media?parent=5506"}],"wp:term":[{"taxonomy":"category","embeddable":true,"href":"https:\/\/agora.xtec.cat\/ceip-salvador-espriu-roda\/wp-json\/wp\/v2\/categories?post=5506"},{"taxonomy":"post_tag","embeddable":true,"href":"https:\/\/agora.xtec.cat\/ceip-salvador-espriu-roda\/wp-json\/wp\/v2\/tags?post=5506"}],"curies":[{"name":"wp","href":"https:\/\/api.w.org\/{rel}","templated":true}]}}