{"id":5458,"date":"2022-02-11T10:51:02","date_gmt":"2022-02-11T09:51:02","guid":{"rendered":"https:\/\/agora.xtec.cat\/ceip-salvador-espriu-roda\/?p=5458"},"modified":"2022-02-11T10:51:02","modified_gmt":"2022-02-11T09:51:02","slug":"activitats-complementaries-dangles","status":"publish","type":"post","link":"https:\/\/agora.xtec.cat\/ceip-salvador-espriu-roda\/general\/activitats-complementaries-dangles\/","title":{"rendered":"Activitats complement\u00e0ries d&#8217;angl\u00e8s"},"content":{"rendered":"<p align=\"justify\">Fam\u00edlies, us fem saber que a partir d\u2019ara rebreu de manera peri\u00f2dica un enlla\u00e7 per Dinantia amb activitats complement\u00e0ries d\u2019angl\u00e8s. <!--more-->Per qu\u00e8? Doncs sabem que una llengua s\u2019apr\u00e8n quan s\u2019exposa a l\u2019infant a la mateixa i, com m\u00e9s exposici\u00f3 hi tingui, m\u00e9s aprenentatges sorgiran. A l\u2019escola treballem perqu\u00e8 aix\u00ed sigui, per\u00f2 creiem que cal donar continu\u00eftat a les tasques escolars de llengua estrangera. Aix\u00ed, estigueu atents i atentes, perqu\u00e8 us enviarem enlla\u00e7os divertits que faran que les nenes i nens es diverteixin aprenent.<\/p>\n","protected":false},"excerpt":{"rendered":"<p>Fam\u00edlies, us fem saber que a partir d\u2019ara rebreu de manera peri\u00f2dica un enlla\u00e7 per Dinantia amb activitats complement\u00e0ries d\u2019angl\u00e8s. <\/p>\n","protected":false},"author":1,"featured_media":5459,"comment_status":"closed","ping_status":"closed","sticky":false,"template":"","format":"standard","meta":{"_bbp_topic_count":0,"_bbp_reply_count":0,"_bbp_total_topic_count":0,"_bbp_total_reply_count":0,"_bbp_voice_count":0,"_bbp_anonymous_reply_count":0,"_bbp_topic_count_hidden":0,"_bbp_reply_count_hidden":0,"_bbp_forum_subforum_count":0,"footnotes":""},"categories":[1,55,4,108,129],"tags":[],"class_list":["post-5458","post","type-post","status-publish","format-standard","has-post-thumbnail","hentry","category-general","category-informacions-diverses","category-portada","category-primaria","category-projecte-linguistic"],"post_mailing_queue_ids":[],"_links":{"self":[{"href":"https:\/\/agora.xtec.cat\/ceip-salvador-espriu-roda\/wp-json\/wp\/v2\/posts\/5458","targetHints":{"allow":["GET"]}}],"collection":[{"href":"https:\/\/agora.xtec.cat\/ceip-salvador-espriu-roda\/wp-json\/wp\/v2\/posts"}],"about":[{"href":"https:\/\/agora.xtec.cat\/ceip-salvador-espriu-roda\/wp-json\/wp\/v2\/types\/post"}],"author":[{"embeddable":true,"href":"https:\/\/agora.xtec.cat\/ceip-salvador-espriu-roda\/wp-json\/wp\/v2\/users\/1"}],"replies":[{"embeddable":true,"href":"https:\/\/agora.xtec.cat\/ceip-salvador-espriu-roda\/wp-json\/wp\/v2\/comments?post=5458"}],"version-history":[{"count":1,"href":"https:\/\/agora.xtec.cat\/ceip-salvador-espriu-roda\/wp-json\/wp\/v2\/posts\/5458\/revisions"}],"predecessor-version":[{"id":5460,"href":"https:\/\/agora.xtec.cat\/ceip-salvador-espriu-roda\/wp-json\/wp\/v2\/posts\/5458\/revisions\/5460"}],"wp:featuredmedia":[{"embeddable":true,"href":"https:\/\/agora.xtec.cat\/ceip-salvador-espriu-roda\/wp-json\/wp\/v2\/media\/5459"}],"wp:attachment":[{"href":"https:\/\/agora.xtec.cat\/ceip-salvador-espriu-roda\/wp-json\/wp\/v2\/media?parent=5458"}],"wp:term":[{"taxonomy":"category","embeddable":true,"href":"https:\/\/agora.xtec.cat\/ceip-salvador-espriu-roda\/wp-json\/wp\/v2\/categories?post=5458"},{"taxonomy":"post_tag","embeddable":true,"href":"https:\/\/agora.xtec.cat\/ceip-salvador-espriu-roda\/wp-json\/wp\/v2\/tags?post=5458"}],"curies":[{"name":"wp","href":"https:\/\/api.w.org\/{rel}","templated":true}]}}