{"id":5434,"date":"2022-02-08T13:12:26","date_gmt":"2022-02-08T12:12:26","guid":{"rendered":"https:\/\/agora.xtec.cat\/ceip-salvador-espriu-roda\/?p=5434"},"modified":"2022-02-08T13:19:39","modified_gmt":"2022-02-08T12:19:39","slug":"les-maletes-viatgeres-tornen-a-lescola","status":"publish","type":"post","link":"https:\/\/agora.xtec.cat\/ceip-salvador-espriu-roda\/general\/les-maletes-viatgeres-tornen-a-lescola\/","title":{"rendered":"Les Maletes viatgeres tornen a l&#8217;escola"},"content":{"rendered":"<p><span style=\"color: #000000;\"><span style=\"font-family: Helvetica, serif;\">Ja estan comen\u00e7ant a sortir les maletes viatgeres!<\/span><\/span><!--more--><\/p>\n<p><span style=\"color: #000000;\"><span style=\"font-family: Helvetica, serif;\">Aquestes, farcides de llibres aniran donant tombs per totes les cases dels nens i nenes de la nostra escola. La maleta viatgera es presta a cada alumne una setmana. I el seu prop\u00f2sit no \u00e9s altre que vincular a les fam\u00edlies en el proc\u00e9s lector dels nens.<br \/>\nEs pret\u00e9n fomentar, a trav\u00e9s dels contes, el gust per la lectura sense deixar de banda l&#8217;aprenentatge, el desenvolupament de la intel\u00b7lig\u00e8ncia emocional i l&#8217;educaci\u00f3 en valors.<br \/>\nPer aix\u00f2, els contes estan pr\u00e8viament seleccionats i adaptats a l&#8217;edat i el desenvolupament maduratiu, atenent no nom\u00e9s a criteris ling\u00fc\u00edstics, sin\u00f3 que tamb\u00e9 relacionats amb el llenguatge visual.<br \/>\nAmb els llibres s&#8217;ajunta una llibreta on les fam\u00edlies poden plasmar les seves impressions a partir de dibuixos o petites reflexions.<br \/>\nQue tingueu una bona lectura!<\/span><\/span><\/p>\n<p><a href=\"https:\/\/agora.xtec.cat\/ceip-salvador-espriu-roda\/wp-content\/uploads\/usu1367\/2022\/02\/IMG_0794-rotated.jpg\"><img loading=\"lazy\" decoding=\"async\" class=\"wp-image-5438 aligncenter\" src=\"https:\/\/agora.xtec.cat\/ceip-salvador-espriu-roda\/wp-content\/uploads\/usu1367\/2022\/02\/IMG_0794-225x300.jpg\" alt=\"\" width=\"405\" height=\"540\" srcset=\"https:\/\/agora.xtec.cat\/ceip-salvador-espriu-roda\/wp-content\/uploads\/usu1367\/2022\/02\/IMG_0794-225x300.jpg 225w, https:\/\/agora.xtec.cat\/ceip-salvador-espriu-roda\/wp-content\/uploads\/usu1367\/2022\/02\/IMG_0794-768x1024.jpg 768w, https:\/\/agora.xtec.cat\/ceip-salvador-espriu-roda\/wp-content\/uploads\/usu1367\/2022\/02\/IMG_0794-1152x1536.jpg 1152w, https:\/\/agora.xtec.cat\/ceip-salvador-espriu-roda\/wp-content\/uploads\/usu1367\/2022\/02\/IMG_0794-rotated.jpg 1512w\" sizes=\"auto, (max-width: 405px) 100vw, 405px\" \/><\/a><\/p>\n","protected":false},"excerpt":{"rendered":"<p>Ja estan comen\u00e7ant a sortir les maletes viatgeres!<\/p>\n","protected":false},"author":1,"featured_media":5439,"comment_status":"closed","ping_status":"closed","sticky":false,"template":"","format":"standard","meta":{"_bbp_topic_count":0,"_bbp_reply_count":0,"_bbp_total_topic_count":0,"_bbp_total_reply_count":0,"_bbp_voice_count":0,"_bbp_anonymous_reply_count":0,"_bbp_topic_count_hidden":0,"_bbp_reply_count_hidden":0,"_bbp_forum_subforum_count":0,"footnotes":""},"categories":[64,1,55,4],"tags":[],"class_list":["post-5434","post","type-post","status-publish","format-standard","has-post-thumbnail","hentry","category-biblioteca","category-general","category-informacions-diverses","category-portada"],"post_mailing_queue_ids":[],"_links":{"self":[{"href":"https:\/\/agora.xtec.cat\/ceip-salvador-espriu-roda\/wp-json\/wp\/v2\/posts\/5434","targetHints":{"allow":["GET"]}}],"collection":[{"href":"https:\/\/agora.xtec.cat\/ceip-salvador-espriu-roda\/wp-json\/wp\/v2\/posts"}],"about":[{"href":"https:\/\/agora.xtec.cat\/ceip-salvador-espriu-roda\/wp-json\/wp\/v2\/types\/post"}],"author":[{"embeddable":true,"href":"https:\/\/agora.xtec.cat\/ceip-salvador-espriu-roda\/wp-json\/wp\/v2\/users\/1"}],"replies":[{"embeddable":true,"href":"https:\/\/agora.xtec.cat\/ceip-salvador-espriu-roda\/wp-json\/wp\/v2\/comments?post=5434"}],"version-history":[{"count":2,"href":"https:\/\/agora.xtec.cat\/ceip-salvador-espriu-roda\/wp-json\/wp\/v2\/posts\/5434\/revisions"}],"predecessor-version":[{"id":5447,"href":"https:\/\/agora.xtec.cat\/ceip-salvador-espriu-roda\/wp-json\/wp\/v2\/posts\/5434\/revisions\/5447"}],"wp:featuredmedia":[{"embeddable":true,"href":"https:\/\/agora.xtec.cat\/ceip-salvador-espriu-roda\/wp-json\/wp\/v2\/media\/5439"}],"wp:attachment":[{"href":"https:\/\/agora.xtec.cat\/ceip-salvador-espriu-roda\/wp-json\/wp\/v2\/media?parent=5434"}],"wp:term":[{"taxonomy":"category","embeddable":true,"href":"https:\/\/agora.xtec.cat\/ceip-salvador-espriu-roda\/wp-json\/wp\/v2\/categories?post=5434"},{"taxonomy":"post_tag","embeddable":true,"href":"https:\/\/agora.xtec.cat\/ceip-salvador-espriu-roda\/wp-json\/wp\/v2\/tags?post=5434"}],"curies":[{"name":"wp","href":"https:\/\/api.w.org\/{rel}","templated":true}]}}