{"id":5431,"date":"2022-02-08T13:29:54","date_gmt":"2022-02-08T12:29:54","guid":{"rendered":"https:\/\/agora.xtec.cat\/ceip-salvador-espriu-roda\/?p=5431"},"modified":"2022-02-08T13:31:24","modified_gmt":"2022-02-08T12:31:24","slug":"tarda-de-racons","status":"publish","type":"post","link":"https:\/\/agora.xtec.cat\/ceip-salvador-espriu-roda\/general\/tarda-de-racons\/","title":{"rendered":"Tarda de racons"},"content":{"rendered":"<p class=\"western\" align=\"justify\"><span style=\"font-family: Arial, sans-serif;\"><span style=\"font-size: medium;\"><span style=\"color: #000000;\">Hem comen\u00e7at el segon trimestre treballant a trav\u00e9s de diversos racons per refor\u00e7ar tant la llengua castellana com les matem\u00e0tiques.<\/span><\/span><\/span><!--more--><\/p>\n<p class=\"western\" align=\"justify\"><span style=\"font-family: Arial, sans-serif;\"><span style=\"font-size: medium;\"><span style=\"color: #000000;\"> Dues tardes a la setmana, reforcem el temari que\u00a0hem <\/span><span style=\"color: #000000;\">treballat<\/span><\/span><span style=\"color: #000000;\">\u00a0<\/span><span style=\"color: #000000;\">a trav\u00e9s del llibre per tal d&#8217;aprendre de manera m\u00e9s manipulativa i competencial!<\/span><\/span><\/p>\n<p><span style=\"color: #000000;\">Amb els racons de castell\u00e0 hem estat refor\u00e7ant les vocals, la consci\u00e8ncia fonol\u00f2gica i tamb\u00e9 hem apr\u00e8s nou vocabulari. En canvi, a matem\u00e0tiques hem treballat la descomposici\u00f3 de nombres, les sumes i les restes i tamb\u00e9 hem treballat la numeraci\u00f3 a trav\u00e9s de jocs tradicionals!<\/span><\/p>\n<p><span style=\"font-family: inherit; font-size: 1em;\">Aqu\u00ed us deixem l&#8217;enlla\u00e7 de les\u00a0 <\/span><a style=\"font-family: inherit; font-size: 1em;\" href=\"https:\/\/photos.app.goo.gl\/P2jaetUQsTjtjPeG9\">Fotos dels racons<\/a><\/p>\n<p>&nbsp;<\/p>\n<p>&nbsp;<\/p>\n<p class=\"western\" align=\"justify\">\n","protected":false},"excerpt":{"rendered":"<p>Hem comen\u00e7at el segon trimestre treballant a trav\u00e9s de diversos racons per refor\u00e7ar tant la llengua castellana com les matem\u00e0tiques.<\/p>\n","protected":false},"author":1,"featured_media":5449,"comment_status":"closed","ping_status":"closed","sticky":false,"template":"","format":"standard","meta":{"_bbp_topic_count":0,"_bbp_reply_count":0,"_bbp_total_topic_count":0,"_bbp_total_reply_count":0,"_bbp_voice_count":0,"_bbp_anonymous_reply_count":0,"_bbp_topic_count_hidden":0,"_bbp_reply_count_hidden":0,"_bbp_forum_subforum_count":0,"footnotes":""},"categories":[109,1,4,108],"tags":[],"class_list":["post-5431","post","type-post","status-publish","format-standard","has-post-thumbnail","hentry","category-1r","category-general","category-portada","category-primaria"],"post_mailing_queue_ids":[],"_links":{"self":[{"href":"https:\/\/agora.xtec.cat\/ceip-salvador-espriu-roda\/wp-json\/wp\/v2\/posts\/5431","targetHints":{"allow":["GET"]}}],"collection":[{"href":"https:\/\/agora.xtec.cat\/ceip-salvador-espriu-roda\/wp-json\/wp\/v2\/posts"}],"about":[{"href":"https:\/\/agora.xtec.cat\/ceip-salvador-espriu-roda\/wp-json\/wp\/v2\/types\/post"}],"author":[{"embeddable":true,"href":"https:\/\/agora.xtec.cat\/ceip-salvador-espriu-roda\/wp-json\/wp\/v2\/users\/1"}],"replies":[{"embeddable":true,"href":"https:\/\/agora.xtec.cat\/ceip-salvador-espriu-roda\/wp-json\/wp\/v2\/comments?post=5431"}],"version-history":[{"count":3,"href":"https:\/\/agora.xtec.cat\/ceip-salvador-espriu-roda\/wp-json\/wp\/v2\/posts\/5431\/revisions"}],"predecessor-version":[{"id":5452,"href":"https:\/\/agora.xtec.cat\/ceip-salvador-espriu-roda\/wp-json\/wp\/v2\/posts\/5431\/revisions\/5452"}],"wp:featuredmedia":[{"embeddable":true,"href":"https:\/\/agora.xtec.cat\/ceip-salvador-espriu-roda\/wp-json\/wp\/v2\/media\/5449"}],"wp:attachment":[{"href":"https:\/\/agora.xtec.cat\/ceip-salvador-espriu-roda\/wp-json\/wp\/v2\/media?parent=5431"}],"wp:term":[{"taxonomy":"category","embeddable":true,"href":"https:\/\/agora.xtec.cat\/ceip-salvador-espriu-roda\/wp-json\/wp\/v2\/categories?post=5431"},{"taxonomy":"post_tag","embeddable":true,"href":"https:\/\/agora.xtec.cat\/ceip-salvador-espriu-roda\/wp-json\/wp\/v2\/tags?post=5431"}],"curies":[{"name":"wp","href":"https:\/\/api.w.org\/{rel}","templated":true}]}}