{"id":5406,"date":"2022-02-02T10:04:30","date_gmt":"2022-02-02T09:04:30","guid":{"rendered":"https:\/\/agora.xtec.cat\/ceip-salvador-espriu-roda\/?p=5406"},"modified":"2022-02-02T10:15:41","modified_gmt":"2022-02-02T09:15:41","slug":"6e-a-reprodueix-el-guernika-de-picasso","status":"publish","type":"post","link":"https:\/\/agora.xtec.cat\/ceip-salvador-espriu-roda\/general\/6e-a-reprodueix-el-guernika-de-picasso\/","title":{"rendered":"6\u00e8A Reprodueix el Guernika de Picasso"},"content":{"rendered":"<p>Les noies i els nois de 6\u00e8A han reprodu\u00eft la interpretaci\u00f3 positiva del Guernika de Picasso que va fer Ron English (ja el podeu veure al vest\u00edbul de l\u2019escola).<\/p>\n<p>A continuaci\u00f3 us deixem unes imatges del seu proc\u00e9s d&#8217;elaboraci\u00f3, aix\u00ed com el resultat final.<\/p>\n<p>Esperem que us agradi tant com a nosaltres!!<\/p>\n<p><a href=\"https:\/\/agora.xtec.cat\/ceip-salvador-espriu-roda\/wp-content\/uploads\/usu1367\/2022\/02\/WhatsApp-Image-2022-02-01-at-21.50.42.jpeg\"><img loading=\"lazy\" decoding=\"async\" class=\"alignleft size-medium wp-image-5410\" src=\"https:\/\/agora.xtec.cat\/ceip-salvador-espriu-roda\/wp-content\/uploads\/usu1367\/2022\/02\/WhatsApp-Image-2022-02-01-at-21.50.42-300x225.jpeg\" alt=\"\" width=\"300\" height=\"225\" srcset=\"https:\/\/agora.xtec.cat\/ceip-salvador-espriu-roda\/wp-content\/uploads\/usu1367\/2022\/02\/WhatsApp-Image-2022-02-01-at-21.50.42-300x225.jpeg 300w, https:\/\/agora.xtec.cat\/ceip-salvador-espriu-roda\/wp-content\/uploads\/usu1367\/2022\/02\/WhatsApp-Image-2022-02-01-at-21.50.42-768x576.jpeg 768w, https:\/\/agora.xtec.cat\/ceip-salvador-espriu-roda\/wp-content\/uploads\/usu1367\/2022\/02\/WhatsApp-Image-2022-02-01-at-21.50.42-200x150.jpeg 200w, https:\/\/agora.xtec.cat\/ceip-salvador-espriu-roda\/wp-content\/uploads\/usu1367\/2022\/02\/WhatsApp-Image-2022-02-01-at-21.50.42.jpeg 1024w\" sizes=\"auto, (max-width: 300px) 100vw, 300px\" \/><\/a><a href=\"https:\/\/agora.xtec.cat\/ceip-salvador-espriu-roda\/wp-content\/uploads\/usu1367\/2022\/02\/WhatsApp-Image-2022-02-01-at-21.57.06.jpeg\"><img loading=\"lazy\" decoding=\"async\" class=\"alignleft size-medium wp-image-5413\" src=\"https:\/\/agora.xtec.cat\/ceip-salvador-espriu-roda\/wp-content\/uploads\/usu1367\/2022\/02\/WhatsApp-Image-2022-02-01-at-21.57.06-300x300.jpeg\" alt=\"\" width=\"300\" height=\"300\" srcset=\"https:\/\/agora.xtec.cat\/ceip-salvador-espriu-roda\/wp-content\/uploads\/usu1367\/2022\/02\/WhatsApp-Image-2022-02-01-at-21.57.06-300x300.jpeg 300w, https:\/\/agora.xtec.cat\/ceip-salvador-espriu-roda\/wp-content\/uploads\/usu1367\/2022\/02\/WhatsApp-Image-2022-02-01-at-21.57.06-1024x1024.jpeg 1024w, https:\/\/agora.xtec.cat\/ceip-salvador-espriu-roda\/wp-content\/uploads\/usu1367\/2022\/02\/WhatsApp-Image-2022-02-01-at-21.57.06-150x150.jpeg 150w, https:\/\/agora.xtec.cat\/ceip-salvador-espriu-roda\/wp-content\/uploads\/usu1367\/2022\/02\/WhatsApp-Image-2022-02-01-at-21.57.06-768x768.jpeg 768w, https:\/\/agora.xtec.cat\/ceip-salvador-espriu-roda\/wp-content\/uploads\/usu1367\/2022\/02\/WhatsApp-Image-2022-02-01-at-21.57.06.jpeg 1496w\" sizes=\"auto, (max-width: 300px) 100vw, 300px\" \/><\/a><a href=\"https:\/\/agora.xtec.cat\/ceip-salvador-espriu-roda\/wp-content\/uploads\/usu1367\/2022\/02\/WhatsApp-Image-2022-02-01-at-21.57.33.jpeg\"><img loading=\"lazy\" decoding=\"async\" class=\"alignleft size-medium wp-image-5412\" src=\"https:\/\/agora.xtec.cat\/ceip-salvador-espriu-roda\/wp-content\/uploads\/usu1367\/2022\/02\/WhatsApp-Image-2022-02-01-at-21.57.33-300x300.jpeg\" alt=\"\" width=\"300\" height=\"300\" srcset=\"https:\/\/agora.xtec.cat\/ceip-salvador-espriu-roda\/wp-content\/uploads\/usu1367\/2022\/02\/WhatsApp-Image-2022-02-01-at-21.57.33-300x300.jpeg 300w, https:\/\/agora.xtec.cat\/ceip-salvador-espriu-roda\/wp-content\/uploads\/usu1367\/2022\/02\/WhatsApp-Image-2022-02-01-at-21.57.33-1024x1024.jpeg 1024w, https:\/\/agora.xtec.cat\/ceip-salvador-espriu-roda\/wp-content\/uploads\/usu1367\/2022\/02\/WhatsApp-Image-2022-02-01-at-21.57.33-150x150.jpeg 150w, https:\/\/agora.xtec.cat\/ceip-salvador-espriu-roda\/wp-content\/uploads\/usu1367\/2022\/02\/WhatsApp-Image-2022-02-01-at-21.57.33-768x768.jpeg 768w, https:\/\/agora.xtec.cat\/ceip-salvador-espriu-roda\/wp-content\/uploads\/usu1367\/2022\/02\/WhatsApp-Image-2022-02-01-at-21.57.33.jpeg 1496w\" sizes=\"auto, (max-width: 300px) 100vw, 300px\" \/><\/a><a href=\"https:\/\/agora.xtec.cat\/ceip-salvador-espriu-roda\/wp-content\/uploads\/usu1367\/2022\/02\/WhatsApp-Image-2022-02-01-at-21.55.43.jpeg\"><img loading=\"lazy\" decoding=\"async\" class=\"alignleft size-medium wp-image-5408\" src=\"https:\/\/agora.xtec.cat\/ceip-salvador-espriu-roda\/wp-content\/uploads\/usu1367\/2022\/02\/WhatsApp-Image-2022-02-01-at-21.55.43-300x300.jpeg\" alt=\"\" width=\"300\" height=\"300\" srcset=\"https:\/\/agora.xtec.cat\/ceip-salvador-espriu-roda\/wp-content\/uploads\/usu1367\/2022\/02\/WhatsApp-Image-2022-02-01-at-21.55.43-300x300.jpeg 300w, https:\/\/agora.xtec.cat\/ceip-salvador-espriu-roda\/wp-content\/uploads\/usu1367\/2022\/02\/WhatsApp-Image-2022-02-01-at-21.55.43-1024x1024.jpeg 1024w, https:\/\/agora.xtec.cat\/ceip-salvador-espriu-roda\/wp-content\/uploads\/usu1367\/2022\/02\/WhatsApp-Image-2022-02-01-at-21.55.43-150x150.jpeg 150w, https:\/\/agora.xtec.cat\/ceip-salvador-espriu-roda\/wp-content\/uploads\/usu1367\/2022\/02\/WhatsApp-Image-2022-02-01-at-21.55.43-768x768.jpeg 768w, https:\/\/agora.xtec.cat\/ceip-salvador-espriu-roda\/wp-content\/uploads\/usu1367\/2022\/02\/WhatsApp-Image-2022-02-01-at-21.55.43.jpeg 1496w\" sizes=\"auto, (max-width: 300px) 100vw, 300px\" \/><\/a><\/p>\n","protected":false},"excerpt":{"rendered":"<p>Les noies i els nois de 6\u00e8A han reprodu\u00eft la interpretaci\u00f3 positiva del Guernika de Picasso que va fer Ron English (ja el podeu veure al vest\u00edbul de l\u2019escola).<br \/>\nA continuaci\u00f3 us deixem unes imatges del seu proc\u00e9s d&#8217;elaboraci\u00f3, aix\u00ed com el resultat final.<br \/>\nEsperem que us&hellip;  <a href=\"https:\/\/agora.xtec.cat\/ceip-salvador-espriu-roda\/general\/6e-a-reprodueix-el-guernika-de-picasso\/\" title=\"Read 6\u00e8A Reprodueix el Guernika de Picasso\">Llegeix m\u00e9s\u00bb<\/a><\/p>\n","protected":false},"author":1,"featured_media":5410,"comment_status":"closed","ping_status":"closed","sticky":false,"template":"","format":"standard","meta":{"_bbp_topic_count":0,"_bbp_reply_count":0,"_bbp_total_topic_count":0,"_bbp_total_reply_count":0,"_bbp_voice_count":0,"_bbp_anonymous_reply_count":0,"_bbp_topic_count_hidden":0,"_bbp_reply_count_hidden":0,"_bbp_forum_subforum_count":0,"footnotes":""},"categories":[114,1,55,4,108],"tags":[],"class_list":["post-5406","post","type-post","status-publish","format-standard","has-post-thumbnail","hentry","category-6e","category-general","category-informacions-diverses","category-portada","category-primaria"],"post_mailing_queue_ids":[],"_links":{"self":[{"href":"https:\/\/agora.xtec.cat\/ceip-salvador-espriu-roda\/wp-json\/wp\/v2\/posts\/5406","targetHints":{"allow":["GET"]}}],"collection":[{"href":"https:\/\/agora.xtec.cat\/ceip-salvador-espriu-roda\/wp-json\/wp\/v2\/posts"}],"about":[{"href":"https:\/\/agora.xtec.cat\/ceip-salvador-espriu-roda\/wp-json\/wp\/v2\/types\/post"}],"author":[{"embeddable":true,"href":"https:\/\/agora.xtec.cat\/ceip-salvador-espriu-roda\/wp-json\/wp\/v2\/users\/1"}],"replies":[{"embeddable":true,"href":"https:\/\/agora.xtec.cat\/ceip-salvador-espriu-roda\/wp-json\/wp\/v2\/comments?post=5406"}],"version-history":[{"count":3,"href":"https:\/\/agora.xtec.cat\/ceip-salvador-espriu-roda\/wp-json\/wp\/v2\/posts\/5406\/revisions"}],"predecessor-version":[{"id":5419,"href":"https:\/\/agora.xtec.cat\/ceip-salvador-espriu-roda\/wp-json\/wp\/v2\/posts\/5406\/revisions\/5419"}],"wp:featuredmedia":[{"embeddable":true,"href":"https:\/\/agora.xtec.cat\/ceip-salvador-espriu-roda\/wp-json\/wp\/v2\/media\/5410"}],"wp:attachment":[{"href":"https:\/\/agora.xtec.cat\/ceip-salvador-espriu-roda\/wp-json\/wp\/v2\/media?parent=5406"}],"wp:term":[{"taxonomy":"category","embeddable":true,"href":"https:\/\/agora.xtec.cat\/ceip-salvador-espriu-roda\/wp-json\/wp\/v2\/categories?post=5406"},{"taxonomy":"post_tag","embeddable":true,"href":"https:\/\/agora.xtec.cat\/ceip-salvador-espriu-roda\/wp-json\/wp\/v2\/tags?post=5406"}],"curies":[{"name":"wp","href":"https:\/\/api.w.org\/{rel}","templated":true}]}}