{"id":5391,"date":"2022-01-26T12:08:21","date_gmt":"2022-01-26T11:08:21","guid":{"rendered":"https:\/\/agora.xtec.cat\/ceip-salvador-espriu-roda\/?p=5391"},"modified":"2022-01-26T12:09:49","modified_gmt":"2022-01-26T11:09:49","slug":"colonies-de-6e-a-esterri-daneu","status":"publish","type":"post","link":"https:\/\/agora.xtec.cat\/ceip-salvador-espriu-roda\/general\/colonies-de-6e-a-esterri-daneu\/","title":{"rendered":"Col\u00f2nies de 6\u00e8 a Esterri d&#8217;\u00c0neu"},"content":{"rendered":"<p>Hola fam\u00edlies,<\/p>\n<p style=\"text-align: justify;\">L&#8217;alumnat de sis\u00e8 del nostre centre va gaudir la setmana passada de cinc dies de col\u00f2nies al Camp d&#8217;Aprenentatge de les Valls d&#8217;\u00c0neu. Durant aquesta estada, el nostre alumnat va dur a terme diferents activitats com s\u00f3n: la visita al Parc Nacional d\u2019Aig\u00fcestortes i Estany de Sant Maurici, endinsar-se en l\u2019avetosa m\u00e9s gran de la pen\u00ednsula ib\u00e8rica o posar-se dins d\u2019un torrent d\u2019alta muntanya, entre d&#8217;altres.<\/p>\n<p style=\"text-align: justify;\">Tamb\u00e9 van poder con\u00e8ixer el paisatge de l&#8217;\u00f3s bru, aix\u00ed com la diferent fauna i flora present en aquest entorn del Pirineu.<\/p>\n<p style=\"text-align: justify;\">A continuaci\u00f3, si cliqueu a la imatge (aquests dies actualitzarem l&#8217;\u00e0lbum amb m\u00e9s imatges)<span style=\"font-family: inherit; font-size: 1em;\"> podreu visualitzar les diferents activitats que van fer el nostre alumnat.\u00a0<\/span><\/p>\n<p>Esprem que us hi agradin!<\/p>\n<p>&nbsp;<\/p>\n<p><a href=\"https:\/\/photos.app.goo.gl\/rRGBGz7Y33EJpyZ76\"><img loading=\"lazy\" decoding=\"async\" class=\"alignleft wp-image-5392\" src=\"https:\/\/agora.xtec.cat\/ceip-salvador-espriu-roda\/wp-content\/uploads\/usu1367\/2022\/01\/IMG20220119111539-1024x768.jpg\" alt=\"\" width=\"587\" height=\"440\" srcset=\"https:\/\/agora.xtec.cat\/ceip-salvador-espriu-roda\/wp-content\/uploads\/usu1367\/2022\/01\/IMG20220119111539-1024x768.jpg 1024w, https:\/\/agora.xtec.cat\/ceip-salvador-espriu-roda\/wp-content\/uploads\/usu1367\/2022\/01\/IMG20220119111539-300x225.jpg 300w, https:\/\/agora.xtec.cat\/ceip-salvador-espriu-roda\/wp-content\/uploads\/usu1367\/2022\/01\/IMG20220119111539-768x576.jpg 768w, https:\/\/agora.xtec.cat\/ceip-salvador-espriu-roda\/wp-content\/uploads\/usu1367\/2022\/01\/IMG20220119111539-1536x1152.jpg 1536w, https:\/\/agora.xtec.cat\/ceip-salvador-espriu-roda\/wp-content\/uploads\/usu1367\/2022\/01\/IMG20220119111539-2048x1536.jpg 2048w, https:\/\/agora.xtec.cat\/ceip-salvador-espriu-roda\/wp-content\/uploads\/usu1367\/2022\/01\/IMG20220119111539-200x150.jpg 200w\" sizes=\"auto, (max-width: 587px) 100vw, 587px\" \/><\/a><\/p>\n<p>&nbsp;<\/p>\n<p>&nbsp;<\/p>\n<p>&nbsp;<\/p>\n","protected":false},"excerpt":{"rendered":"<p>Hola fam\u00edlies,<br \/>\nL&#8217;alumnat de sis\u00e8 del nostre centre va gaudir la setmana passada de cinc dies de col\u00f2nies al Camp d&#8217;Aprenentatge de les Valls d&#8217;\u00c0neu. Durant aquesta estada, el nostre alumnat va dur a terme diferents activitats com s\u00f3n: la visita al Parc Nacional d\u2019Aig\u00fcestortes i&hellip;  <a href=\"https:\/\/agora.xtec.cat\/ceip-salvador-espriu-roda\/general\/colonies-de-6e-a-esterri-daneu\/\" title=\"Read Col\u00f2nies de 6\u00e8 a Esterri d&#8217;\u00c0neu\">Llegeix m\u00e9s\u00bb<\/a><\/p>\n","protected":false},"author":1,"featured_media":5392,"comment_status":"closed","ping_status":"closed","sticky":false,"template":"","format":"standard","meta":{"_bbp_topic_count":0,"_bbp_reply_count":0,"_bbp_total_topic_count":0,"_bbp_total_reply_count":0,"_bbp_voice_count":0,"_bbp_anonymous_reply_count":0,"_bbp_topic_count_hidden":0,"_bbp_reply_count_hidden":0,"_bbp_forum_subforum_count":0,"footnotes":""},"categories":[114,1,55,4,108],"tags":[],"class_list":["post-5391","post","type-post","status-publish","format-standard","has-post-thumbnail","hentry","category-6e","category-general","category-informacions-diverses","category-portada","category-primaria"],"post_mailing_queue_ids":[],"_links":{"self":[{"href":"https:\/\/agora.xtec.cat\/ceip-salvador-espriu-roda\/wp-json\/wp\/v2\/posts\/5391","targetHints":{"allow":["GET"]}}],"collection":[{"href":"https:\/\/agora.xtec.cat\/ceip-salvador-espriu-roda\/wp-json\/wp\/v2\/posts"}],"about":[{"href":"https:\/\/agora.xtec.cat\/ceip-salvador-espriu-roda\/wp-json\/wp\/v2\/types\/post"}],"author":[{"embeddable":true,"href":"https:\/\/agora.xtec.cat\/ceip-salvador-espriu-roda\/wp-json\/wp\/v2\/users\/1"}],"replies":[{"embeddable":true,"href":"https:\/\/agora.xtec.cat\/ceip-salvador-espriu-roda\/wp-json\/wp\/v2\/comments?post=5391"}],"version-history":[{"count":2,"href":"https:\/\/agora.xtec.cat\/ceip-salvador-espriu-roda\/wp-json\/wp\/v2\/posts\/5391\/revisions"}],"predecessor-version":[{"id":5394,"href":"https:\/\/agora.xtec.cat\/ceip-salvador-espriu-roda\/wp-json\/wp\/v2\/posts\/5391\/revisions\/5394"}],"wp:featuredmedia":[{"embeddable":true,"href":"https:\/\/agora.xtec.cat\/ceip-salvador-espriu-roda\/wp-json\/wp\/v2\/media\/5392"}],"wp:attachment":[{"href":"https:\/\/agora.xtec.cat\/ceip-salvador-espriu-roda\/wp-json\/wp\/v2\/media?parent=5391"}],"wp:term":[{"taxonomy":"category","embeddable":true,"href":"https:\/\/agora.xtec.cat\/ceip-salvador-espriu-roda\/wp-json\/wp\/v2\/categories?post=5391"},{"taxonomy":"post_tag","embeddable":true,"href":"https:\/\/agora.xtec.cat\/ceip-salvador-espriu-roda\/wp-json\/wp\/v2\/tags?post=5391"}],"curies":[{"name":"wp","href":"https:\/\/api.w.org\/{rel}","templated":true}]}}