{"id":5330,"date":"2022-01-18T11:51:12","date_gmt":"2022-01-18T10:51:12","guid":{"rendered":"https:\/\/agora.xtec.cat\/ceip-salvador-espriu-roda\/?p=5330"},"modified":"2022-01-18T11:51:12","modified_gmt":"2022-01-18T10:51:12","slug":"dinamitzem-el-pati-deducacio-primaria","status":"publish","type":"post","link":"https:\/\/agora.xtec.cat\/ceip-salvador-espriu-roda\/general\/dinamitzem-el-pati-deducacio-primaria\/","title":{"rendered":"Dinamitzem el pati d&#8217;educaci\u00f3 Prim\u00e0ria"},"content":{"rendered":"<p>Un dels objectius que pretenem com a escola \u00e9s la millora de la cohesi\u00f3 social.<!--more--> Arran d&#8217;aix\u00f2, una de les activitats que ens hem plantejat\u00a0 \u00e9s la de dinamitzaci\u00f3 de les estones d&#8217;esbarjo\u00a0 que considerem tamb\u00e9 amb moment amb contingut educatiu. \u00c9s tracta d\u2019oferir a l\u2019alumnat alternatives diverses de joc implicant-los a ells mateixos en la din\u00e0mica de l&#8217;activitat per tal de fomentar actituds de respecte, solidaritat, cooperaci\u00f3, toler\u00e0ncia, llibertat i responsabilitat.<\/p>\n<p><a href=\"https:\/\/photos.app.goo.gl\/VxVTStrvrz8rsYAp6\"><img loading=\"lazy\" decoding=\"async\" class=\"wp-image-5332 aligncenter\" src=\"https:\/\/agora.xtec.cat\/ceip-salvador-espriu-roda\/wp-content\/uploads\/usu1367\/2022\/01\/unnamed-2.jpg\" alt=\"\" width=\"539\" height=\"539\" srcset=\"https:\/\/agora.xtec.cat\/ceip-salvador-espriu-roda\/wp-content\/uploads\/usu1367\/2022\/01\/unnamed-2.jpg 1440w, https:\/\/agora.xtec.cat\/ceip-salvador-espriu-roda\/wp-content\/uploads\/usu1367\/2022\/01\/unnamed-2-300x300.jpg 300w, https:\/\/agora.xtec.cat\/ceip-salvador-espriu-roda\/wp-content\/uploads\/usu1367\/2022\/01\/unnamed-2-1024x1024.jpg 1024w, https:\/\/agora.xtec.cat\/ceip-salvador-espriu-roda\/wp-content\/uploads\/usu1367\/2022\/01\/unnamed-2-150x150.jpg 150w, https:\/\/agora.xtec.cat\/ceip-salvador-espriu-roda\/wp-content\/uploads\/usu1367\/2022\/01\/unnamed-2-768x768.jpg 768w\" sizes=\"auto, (max-width: 539px) 100vw, 539px\" \/><\/a><\/p>\n","protected":false},"excerpt":{"rendered":"<p>Un dels objectius que pretenem com a escola \u00e9s la millora de la cohesi\u00f3 social.<\/p>\n","protected":false},"author":1,"featured_media":5331,"comment_status":"closed","ping_status":"closed","sticky":false,"template":"","format":"standard","meta":{"_bbp_topic_count":0,"_bbp_reply_count":0,"_bbp_total_topic_count":0,"_bbp_total_reply_count":0,"_bbp_voice_count":0,"_bbp_anonymous_reply_count":0,"_bbp_topic_count_hidden":0,"_bbp_reply_count_hidden":0,"_bbp_forum_subforum_count":0,"footnotes":""},"categories":[1,55,127,4],"tags":[],"class_list":["post-5330","post","type-post","status-publish","format-standard","has-post-thumbnail","hentry","category-general","category-informacions-diverses","category-pati","category-portada"],"post_mailing_queue_ids":[],"_links":{"self":[{"href":"https:\/\/agora.xtec.cat\/ceip-salvador-espriu-roda\/wp-json\/wp\/v2\/posts\/5330","targetHints":{"allow":["GET"]}}],"collection":[{"href":"https:\/\/agora.xtec.cat\/ceip-salvador-espriu-roda\/wp-json\/wp\/v2\/posts"}],"about":[{"href":"https:\/\/agora.xtec.cat\/ceip-salvador-espriu-roda\/wp-json\/wp\/v2\/types\/post"}],"author":[{"embeddable":true,"href":"https:\/\/agora.xtec.cat\/ceip-salvador-espriu-roda\/wp-json\/wp\/v2\/users\/1"}],"replies":[{"embeddable":true,"href":"https:\/\/agora.xtec.cat\/ceip-salvador-espriu-roda\/wp-json\/wp\/v2\/comments?post=5330"}],"version-history":[{"count":2,"href":"https:\/\/agora.xtec.cat\/ceip-salvador-espriu-roda\/wp-json\/wp\/v2\/posts\/5330\/revisions"}],"predecessor-version":[{"id":5334,"href":"https:\/\/agora.xtec.cat\/ceip-salvador-espriu-roda\/wp-json\/wp\/v2\/posts\/5330\/revisions\/5334"}],"wp:featuredmedia":[{"embeddable":true,"href":"https:\/\/agora.xtec.cat\/ceip-salvador-espriu-roda\/wp-json\/wp\/v2\/media\/5331"}],"wp:attachment":[{"href":"https:\/\/agora.xtec.cat\/ceip-salvador-espriu-roda\/wp-json\/wp\/v2\/media?parent=5330"}],"wp:term":[{"taxonomy":"category","embeddable":true,"href":"https:\/\/agora.xtec.cat\/ceip-salvador-espriu-roda\/wp-json\/wp\/v2\/categories?post=5330"},{"taxonomy":"post_tag","embeddable":true,"href":"https:\/\/agora.xtec.cat\/ceip-salvador-espriu-roda\/wp-json\/wp\/v2\/tags?post=5330"}],"curies":[{"name":"wp","href":"https:\/\/api.w.org\/{rel}","templated":true}]}}