{"id":5208,"date":"2021-12-15T13:34:08","date_gmt":"2021-12-15T12:34:08","guid":{"rendered":"https:\/\/agora.xtec.cat\/ceip-salvador-espriu-roda\/?p=5208"},"modified":"2021-12-15T13:36:42","modified_gmt":"2021-12-15T12:36:42","slug":"speaking-english-3r","status":"publish","type":"post","link":"https:\/\/agora.xtec.cat\/ceip-salvador-espriu-roda\/general\/speaking-english-3r\/","title":{"rendered":"Speaking English 3r!"},"content":{"rendered":"<p>L&#8217;alumnat de 3r ha preparat unes frases de presentaci\u00f3 perqu\u00e8 els conegueu una mica. Us deixem alguns exemples, si cliqueu damunt de cada imatge podreu visualitzar el v\u00eddeo.<\/p>\n<p><a href=\"https:\/\/photos.app.goo.gl\/ae6ec5Riiz8TdiLA9\"><img loading=\"lazy\" decoding=\"async\" class=\"alignleft wp-image-5238 size-medium\" src=\"https:\/\/agora.xtec.cat\/ceip-salvador-espriu-roda\/wp-content\/uploads\/usu1367\/2021\/12\/1-172x300.jpg\" alt=\"\" width=\"172\" height=\"300\" srcset=\"https:\/\/agora.xtec.cat\/ceip-salvador-espriu-roda\/wp-content\/uploads\/usu1367\/2021\/12\/1-172x300.jpg 172w, https:\/\/agora.xtec.cat\/ceip-salvador-espriu-roda\/wp-content\/uploads\/usu1367\/2021\/12\/1-587x1024.jpg 587w, https:\/\/agora.xtec.cat\/ceip-salvador-espriu-roda\/wp-content\/uploads\/usu1367\/2021\/12\/1.jpg 607w\" sizes=\"auto, (max-width: 172px) 100vw, 172px\" \/><\/a> <a href=\"https:\/\/photos.app.goo.gl\/a4BExNrG1S5ePJ5N8\"><img loading=\"lazy\" decoding=\"async\" class=\"alignleft wp-image-5239 size-medium\" src=\"https:\/\/agora.xtec.cat\/ceip-salvador-espriu-roda\/wp-content\/uploads\/usu1367\/2021\/12\/2-168x300.jpg\" alt=\"\" width=\"168\" height=\"300\" srcset=\"https:\/\/agora.xtec.cat\/ceip-salvador-espriu-roda\/wp-content\/uploads\/usu1367\/2021\/12\/2-168x300.jpg 168w, https:\/\/agora.xtec.cat\/ceip-salvador-espriu-roda\/wp-content\/uploads\/usu1367\/2021\/12\/2-572x1024.jpg 572w, https:\/\/agora.xtec.cat\/ceip-salvador-espriu-roda\/wp-content\/uploads\/usu1367\/2021\/12\/2.jpg 603w\" sizes=\"auto, (max-width: 168px) 100vw, 168px\" \/><\/a> <a href=\"https:\/\/photos.app.goo.gl\/cUMD3m8jApEsy44A8\"><img loading=\"lazy\" decoding=\"async\" class=\"alignleft wp-image-5240 size-medium\" src=\"https:\/\/agora.xtec.cat\/ceip-salvador-espriu-roda\/wp-content\/uploads\/usu1367\/2021\/12\/3-165x300.jpg\" alt=\"\" width=\"165\" height=\"300\" srcset=\"https:\/\/agora.xtec.cat\/ceip-salvador-espriu-roda\/wp-content\/uploads\/usu1367\/2021\/12\/3-165x300.jpg 165w, https:\/\/agora.xtec.cat\/ceip-salvador-espriu-roda\/wp-content\/uploads\/usu1367\/2021\/12\/3-564x1024.jpg 564w, https:\/\/agora.xtec.cat\/ceip-salvador-espriu-roda\/wp-content\/uploads\/usu1367\/2021\/12\/3.jpg 595w\" sizes=\"auto, (max-width: 165px) 100vw, 165px\" \/><\/a> <a href=\"https:\/\/photos.app.goo.gl\/fTzApwwujiU5A8U99\"><img loading=\"lazy\" decoding=\"async\" class=\"alignleft wp-image-5241 size-medium\" src=\"https:\/\/agora.xtec.cat\/ceip-salvador-espriu-roda\/wp-content\/uploads\/usu1367\/2021\/12\/4-162x300.jpg\" alt=\"\" width=\"162\" height=\"300\" srcset=\"https:\/\/agora.xtec.cat\/ceip-salvador-espriu-roda\/wp-content\/uploads\/usu1367\/2021\/12\/4-162x300.jpg 162w, https:\/\/agora.xtec.cat\/ceip-salvador-espriu-roda\/wp-content\/uploads\/usu1367\/2021\/12\/4.jpg 509w\" sizes=\"auto, (max-width: 162px) 100vw, 162px\" \/><\/a> <a href=\"https:\/\/photos.app.goo.gl\/XxK3oALVEJJZCxH36\"><img loading=\"lazy\" decoding=\"async\" class=\"alignleft wp-image-5242 size-medium\" src=\"https:\/\/agora.xtec.cat\/ceip-salvador-espriu-roda\/wp-content\/uploads\/usu1367\/2021\/12\/5-160x300.jpg\" alt=\"\" width=\"160\" height=\"300\" srcset=\"https:\/\/agora.xtec.cat\/ceip-salvador-espriu-roda\/wp-content\/uploads\/usu1367\/2021\/12\/5-160x300.jpg 160w, https:\/\/agora.xtec.cat\/ceip-salvador-espriu-roda\/wp-content\/uploads\/usu1367\/2021\/12\/5.jpg 505w\" sizes=\"auto, (max-width: 160px) 100vw, 160px\" \/><\/a><\/p>\n<p>&nbsp;<\/p>\n","protected":false},"excerpt":{"rendered":"<p>L&#8217;alumnat de 3r ha preparat unes frases de presentaci\u00f3 perqu\u00e8 els conegueu una mica. Us deixem alguns exemples, si cliqueu damunt de cada imatge podreu visualitzar el v\u00eddeo.<br \/>\n<a href=\"https:\/\/photos.app.goo.gl\/ae6ec5Riiz8TdiLA9\"><\/a> <a href=\"https:\/\/photos.app.goo.gl\/a4BExNrG1S5ePJ5N8\"><\/a> <a href=\"https:\/\/photos.app.goo.gl\/cUMD3m8jApEsy44A8\"><\/a> <a href=\"https:\/\/photos.app.goo.gl\/fTzApwwujiU5A8U99\"><\/a> <a href=\"https:\/\/photos.app.goo.gl\/XxK3oALVEJJZCxH36\"><\/a><br \/>\n&nbsp;<\/p>\n","protected":false},"author":1,"featured_media":5242,"comment_status":"closed","ping_status":"closed","sticky":false,"template":"","format":"standard","meta":{"_bbp_topic_count":0,"_bbp_reply_count":0,"_bbp_total_topic_count":0,"_bbp_total_reply_count":0,"_bbp_voice_count":0,"_bbp_anonymous_reply_count":0,"_bbp_topic_count_hidden":0,"_bbp_reply_count_hidden":0,"_bbp_forum_subforum_count":0,"footnotes":""},"categories":[111,132,1,4,129],"tags":[],"class_list":["post-5208","post","type-post","status-publish","format-standard","has-post-thumbnail","hentry","category-3r","category-english","category-general","category-portada","category-projecte-linguistic"],"post_mailing_queue_ids":[],"_links":{"self":[{"href":"https:\/\/agora.xtec.cat\/ceip-salvador-espriu-roda\/wp-json\/wp\/v2\/posts\/5208","targetHints":{"allow":["GET"]}}],"collection":[{"href":"https:\/\/agora.xtec.cat\/ceip-salvador-espriu-roda\/wp-json\/wp\/v2\/posts"}],"about":[{"href":"https:\/\/agora.xtec.cat\/ceip-salvador-espriu-roda\/wp-json\/wp\/v2\/types\/post"}],"author":[{"embeddable":true,"href":"https:\/\/agora.xtec.cat\/ceip-salvador-espriu-roda\/wp-json\/wp\/v2\/users\/1"}],"replies":[{"embeddable":true,"href":"https:\/\/agora.xtec.cat\/ceip-salvador-espriu-roda\/wp-json\/wp\/v2\/comments?post=5208"}],"version-history":[{"count":3,"href":"https:\/\/agora.xtec.cat\/ceip-salvador-espriu-roda\/wp-json\/wp\/v2\/posts\/5208\/revisions"}],"predecessor-version":[{"id":5245,"href":"https:\/\/agora.xtec.cat\/ceip-salvador-espriu-roda\/wp-json\/wp\/v2\/posts\/5208\/revisions\/5245"}],"wp:featuredmedia":[{"embeddable":true,"href":"https:\/\/agora.xtec.cat\/ceip-salvador-espriu-roda\/wp-json\/wp\/v2\/media\/5242"}],"wp:attachment":[{"href":"https:\/\/agora.xtec.cat\/ceip-salvador-espriu-roda\/wp-json\/wp\/v2\/media?parent=5208"}],"wp:term":[{"taxonomy":"category","embeddable":true,"href":"https:\/\/agora.xtec.cat\/ceip-salvador-espriu-roda\/wp-json\/wp\/v2\/categories?post=5208"},{"taxonomy":"post_tag","embeddable":true,"href":"https:\/\/agora.xtec.cat\/ceip-salvador-espriu-roda\/wp-json\/wp\/v2\/tags?post=5208"}],"curies":[{"name":"wp","href":"https:\/\/api.w.org\/{rel}","templated":true}]}}