{"id":5194,"date":"2021-12-10T10:39:35","date_gmt":"2021-12-10T09:39:35","guid":{"rendered":"https:\/\/agora.xtec.cat\/ceip-salvador-espriu-roda\/?p=5194"},"modified":"2022-01-18T11:55:03","modified_gmt":"2022-01-18T10:55:03","slug":"lalumnart-de-3er-b-fa-unes-eleccions","status":"publish","type":"post","link":"https:\/\/agora.xtec.cat\/ceip-salvador-espriu-roda\/general\/lalumnart-de-3er-b-fa-unes-eleccions\/","title":{"rendered":"L&#8217;alumnat de 3er B fa unes eleccions"},"content":{"rendered":"<p align=\"justify\">Els alumnes de 3er B hem celebrat les eleccions als representants de la nostra classe.<!--more--> En el tema 2 de medi hav\u00edem apr\u00e8s els diferents tipus de localitat segons el nombre d\u2019habitants, les caracter\u00edstiques de les ciutats i el pobles, qu\u00e8 \u00e9s un ajuntament, quins serveis ofereix, etc. Aix\u00ed doncs, vam tenir la curiositat d\u2019anar una mica m\u00e9s enll\u00e0 i vam aprofundir en com s\u2019escullen els nostres representants i ho hem posat en pr\u00e0ctica a la classe:<\/p>\n<ul>\n<li>\n<p align=\"justify\">Hem fet els nostres propis grups pol\u00edtics amb el seu s\u00edmbol.<\/p>\n<\/li>\n<li>\n<p align=\"justify\">Hem fet el nostre programa electoral.<\/p>\n<\/li>\n<li>\n<p align=\"justify\">Hem preparat i fet un debat.<\/p>\n<\/li>\n<li>\n<p align=\"justify\">Hem celebrat unes eleccions.<\/p>\n<\/li>\n<li>\n<p align=\"justify\">I per \u00faltim, hem analitzat els resultats.<\/p>\n<\/li>\n<\/ul>\n<p align=\"justify\">Durant el curs, els diferents grups tindran la responsabilitat d\u2019ajudar en l\u2019organitzaci\u00f3 de la classe i de representar-la.<\/p>\n<p align=\"justify\">Ens fa il\u00b7lusi\u00f3 compartir algunes imatges de tot el proc\u00e9s. Esperem que us agradin!!<\/p>\n<p align=\"justify\"><a href=\"https:\/\/photos.app.goo.gl\/uzzj4gkyTEvQvZxu6\">Fotos de les nostres eleccions<\/a><\/p>\n","protected":false},"excerpt":{"rendered":"<p>Els alumnes de 3er B hem celebrat les eleccions als representants de la nostra classe.<\/p>\n","protected":false},"author":1,"featured_media":5197,"comment_status":"closed","ping_status":"closed","sticky":false,"template":"","format":"standard","meta":{"_bbp_topic_count":0,"_bbp_reply_count":0,"_bbp_total_topic_count":0,"_bbp_total_reply_count":0,"_bbp_voice_count":0,"_bbp_anonymous_reply_count":0,"_bbp_topic_count_hidden":0,"_bbp_reply_count_hidden":0,"_bbp_forum_subforum_count":0,"footnotes":""},"categories":[111,1,103,55,4,108],"tags":[],"class_list":["post-5194","post","type-post","status-publish","format-standard","has-post-thumbnail","hentry","category-3r","category-general","category-hem-fet-a-escola","category-informacions-diverses","category-portada","category-primaria"],"post_mailing_queue_ids":[],"_links":{"self":[{"href":"https:\/\/agora.xtec.cat\/ceip-salvador-espriu-roda\/wp-json\/wp\/v2\/posts\/5194","targetHints":{"allow":["GET"]}}],"collection":[{"href":"https:\/\/agora.xtec.cat\/ceip-salvador-espriu-roda\/wp-json\/wp\/v2\/posts"}],"about":[{"href":"https:\/\/agora.xtec.cat\/ceip-salvador-espriu-roda\/wp-json\/wp\/v2\/types\/post"}],"author":[{"embeddable":true,"href":"https:\/\/agora.xtec.cat\/ceip-salvador-espriu-roda\/wp-json\/wp\/v2\/users\/1"}],"replies":[{"embeddable":true,"href":"https:\/\/agora.xtec.cat\/ceip-salvador-espriu-roda\/wp-json\/wp\/v2\/comments?post=5194"}],"version-history":[{"count":3,"href":"https:\/\/agora.xtec.cat\/ceip-salvador-espriu-roda\/wp-json\/wp\/v2\/posts\/5194\/revisions"}],"predecessor-version":[{"id":5339,"href":"https:\/\/agora.xtec.cat\/ceip-salvador-espriu-roda\/wp-json\/wp\/v2\/posts\/5194\/revisions\/5339"}],"wp:featuredmedia":[{"embeddable":true,"href":"https:\/\/agora.xtec.cat\/ceip-salvador-espriu-roda\/wp-json\/wp\/v2\/media\/5197"}],"wp:attachment":[{"href":"https:\/\/agora.xtec.cat\/ceip-salvador-espriu-roda\/wp-json\/wp\/v2\/media?parent=5194"}],"wp:term":[{"taxonomy":"category","embeddable":true,"href":"https:\/\/agora.xtec.cat\/ceip-salvador-espriu-roda\/wp-json\/wp\/v2\/categories?post=5194"},{"taxonomy":"post_tag","embeddable":true,"href":"https:\/\/agora.xtec.cat\/ceip-salvador-espriu-roda\/wp-json\/wp\/v2\/tags?post=5194"}],"curies":[{"name":"wp","href":"https:\/\/api.w.org\/{rel}","templated":true}]}}