{"id":5025,"date":"2021-11-30T13:20:58","date_gmt":"2021-11-30T12:20:58","guid":{"rendered":"https:\/\/agora.xtec.cat\/ceip-salvador-espriu-roda\/?p=5025"},"modified":"2022-01-18T11:59:11","modified_gmt":"2022-01-18T10:59:11","slug":"a-5e-treballem-amb-science-bits","status":"publish","type":"post","link":"https:\/\/agora.xtec.cat\/ceip-salvador-espriu-roda\/general\/a-5e-treballem-amb-science-bits\/","title":{"rendered":"A 5\u00e8 treballem amb Science Bits"},"content":{"rendered":"<p class=\"western\" align=\"center\"><span style=\"font-family: Book Antiqua, serif;\"><span style=\"font-size: large;\"><b>ELS ALUMNES DE 5\u00e8 MOTIVATS PER LA CI\u00c8NCIA<\/b><\/span><\/span><\/p>\n<p class=\"western\" align=\"justify\"><span style=\"font-family: Book Antiqua, serif;\"><span style=\"font-size: medium;\">Aquest curs els alumnes de 5\u00e8 han iniciat l\u2019aprenentatge del medi natural amb una nova plataforma anomenada Science bits. Els nostres alumnes mostren una gran motivaci\u00f3 envers el coneixement que els ofereix mentre experimenten, reflexionen, dialoguen i duen a la pr\u00e0ctica tots aquells saber que aprenen mitjan\u00e7ant les noves tecnologies. Un gran canvi positiu pel qu\u00e8 l\u2019adquisici\u00f3 de l\u2019aprenentatge dels nostres alumnes.<\/span><\/span><!--more--><\/p>\n<p class=\"western\" align=\"justify\"><span style=\"font-family: Book Antiqua, serif;\"><span style=\"font-size: medium;\"><a href=\"https:\/\/photos.app.goo.gl\/icERTgD6uGYM7Cza8\"><img loading=\"lazy\" decoding=\"async\" class=\"wp-image-5090 aligncenter\" src=\"https:\/\/agora.xtec.cat\/ceip-salvador-espriu-roda\/wp-content\/uploads\/usu1367\/2021\/11\/1637933807132-300x178.jpg\" alt=\"\" width=\"424\" height=\"253\" srcset=\"https:\/\/agora.xtec.cat\/ceip-salvador-espriu-roda\/wp-content\/uploads\/usu1367\/2021\/11\/1637933807132-300x178.jpg 300w, https:\/\/agora.xtec.cat\/ceip-salvador-espriu-roda\/wp-content\/uploads\/usu1367\/2021\/11\/1637933807132-1024x609.jpg 1024w, https:\/\/agora.xtec.cat\/ceip-salvador-espriu-roda\/wp-content\/uploads\/usu1367\/2021\/11\/1637933807132-768x457.jpg 768w, https:\/\/agora.xtec.cat\/ceip-salvador-espriu-roda\/wp-content\/uploads\/usu1367\/2021\/11\/1637933807132-1536x913.jpg 1536w, https:\/\/agora.xtec.cat\/ceip-salvador-espriu-roda\/wp-content\/uploads\/usu1367\/2021\/11\/1637933807132-2048x1217.jpg 2048w\" sizes=\"auto, (max-width: 424px) 100vw, 424px\" \/><\/a><\/span><\/span><\/p>\n","protected":false},"excerpt":{"rendered":"<p>ELS ALUMNES DE 5\u00e8 MOTIVATS PER LA CI\u00c8NCIA<br \/>\nAquest curs els alumnes de 5\u00e8 han iniciat l\u2019aprenentatge del medi natural amb una nova plataforma anomenada Science bits. Els nostres alumnes mostren una gran motivaci\u00f3 envers el coneixement que els ofereix mentre experimenten, reflexionen, dialoguen i duen&hellip;  <a href=\"https:\/\/agora.xtec.cat\/ceip-salvador-espriu-roda\/general\/a-5e-treballem-amb-science-bits\/\" title=\"Read A 5\u00e8 treballem amb Science Bits\">Llegeix m\u00e9s\u00bb<\/a><\/p>\n","protected":false},"author":1,"featured_media":5026,"comment_status":"closed","ping_status":"closed","sticky":false,"template":"","format":"standard","meta":{"_bbp_topic_count":0,"_bbp_reply_count":0,"_bbp_total_topic_count":0,"_bbp_total_reply_count":0,"_bbp_voice_count":0,"_bbp_anonymous_reply_count":0,"_bbp_topic_count_hidden":0,"_bbp_reply_count_hidden":0,"_bbp_forum_subforum_count":0,"footnotes":""},"categories":[113,1,55,4,108],"tags":[],"class_list":["post-5025","post","type-post","status-publish","format-standard","has-post-thumbnail","hentry","category-5e","category-general","category-informacions-diverses","category-portada","category-primaria"],"post_mailing_queue_ids":[],"_links":{"self":[{"href":"https:\/\/agora.xtec.cat\/ceip-salvador-espriu-roda\/wp-json\/wp\/v2\/posts\/5025","targetHints":{"allow":["GET"]}}],"collection":[{"href":"https:\/\/agora.xtec.cat\/ceip-salvador-espriu-roda\/wp-json\/wp\/v2\/posts"}],"about":[{"href":"https:\/\/agora.xtec.cat\/ceip-salvador-espriu-roda\/wp-json\/wp\/v2\/types\/post"}],"author":[{"embeddable":true,"href":"https:\/\/agora.xtec.cat\/ceip-salvador-espriu-roda\/wp-json\/wp\/v2\/users\/1"}],"replies":[{"embeddable":true,"href":"https:\/\/agora.xtec.cat\/ceip-salvador-espriu-roda\/wp-json\/wp\/v2\/comments?post=5025"}],"version-history":[{"count":3,"href":"https:\/\/agora.xtec.cat\/ceip-salvador-espriu-roda\/wp-json\/wp\/v2\/posts\/5025\/revisions"}],"predecessor-version":[{"id":5349,"href":"https:\/\/agora.xtec.cat\/ceip-salvador-espriu-roda\/wp-json\/wp\/v2\/posts\/5025\/revisions\/5349"}],"wp:featuredmedia":[{"embeddable":true,"href":"https:\/\/agora.xtec.cat\/ceip-salvador-espriu-roda\/wp-json\/wp\/v2\/media\/5026"}],"wp:attachment":[{"href":"https:\/\/agora.xtec.cat\/ceip-salvador-espriu-roda\/wp-json\/wp\/v2\/media?parent=5025"}],"wp:term":[{"taxonomy":"category","embeddable":true,"href":"https:\/\/agora.xtec.cat\/ceip-salvador-espriu-roda\/wp-json\/wp\/v2\/categories?post=5025"},{"taxonomy":"post_tag","embeddable":true,"href":"https:\/\/agora.xtec.cat\/ceip-salvador-espriu-roda\/wp-json\/wp\/v2\/tags?post=5025"}],"curies":[{"name":"wp","href":"https:\/\/api.w.org\/{rel}","templated":true}]}}