{"id":4718,"date":"2021-09-20T10:00:45","date_gmt":"2021-09-20T08:00:45","guid":{"rendered":"https:\/\/agora.xtec.cat\/ceip-salvador-espriu-roda\/?p=4718"},"modified":"2021-09-20T10:07:25","modified_gmt":"2021-09-20T08:07:25","slug":"iniciem-el-curs","status":"publish","type":"post","link":"https:\/\/agora.xtec.cat\/ceip-salvador-espriu-roda\/general\/iniciem-el-curs\/","title":{"rendered":"Iniciem el curs!"},"content":{"rendered":"<div class=\"gmail_default\">\n<div class=\"gmail_default\">\n<p style=\"text-align: justify;\"><span style=\"font-family: inherit; font-size: 1em;\">El dilluns 13\u00a0 i el divendres 17 de setembre, vam celebrar l&#8217;inci de l&#8217;escola amb una Festa de Benvinguda. Vam retrobar-nos despr\u00e9s de les vacances i vam fer noves coneixences tot seguint les mesures de salut i educaci\u00f3 per fer front a la covid-19. Per als m\u00e9s petits es va organitzar\u00a0una animaci\u00f3 infantil que ens va permetre realitzar din\u00e0miques de grup de manera l\u00fadica i divertida i els m\u00e9s grans de l&#8217;escola van sortir d&#8217;excursi\u00f3 pel nostre poble durant el mat\u00ed. Van realitzar amb el seu grup bombolla jocs i din\u00e0miques de grup a l&#8217;aire lliure mentre es retrobaven amb els\/les companys\/es i mestres de l&#8217;escola. A banda, l&#8217;AMPA ens va convidar a un esmorzar ben bo: coca amb xocolata. Va ser un inici de curs fant\u00e0stic. Us adjuntem algunes fotografies per compartir\u00a0amb vosaltres el nostre dia!<\/span><\/p>\n<\/div>\n<div>\n<div dir=\"ltr\" data-smartmail=\"gmail_signature\">\n<div dir=\"ltr\">\n<p style=\"text-align: justify;\">Escola Salvador Espriu<\/p>\n<\/div>\n<\/div>\n<\/div>\n<p>&nbsp;<\/p>\n<p><a href=\"https:\/\/agora.xtec.cat\/ceip-salvador-espriu-roda\/wp-content\/uploads\/usu1367\/2021\/09\/WhatsApp-Image-2021-09-13-at-14.23.06.jpeg\"><img loading=\"lazy\" decoding=\"async\" class=\"wp-image-4721 alignleft\" src=\"https:\/\/agora.xtec.cat\/ceip-salvador-espriu-roda\/wp-content\/uploads\/usu1367\/2021\/09\/WhatsApp-Image-2021-09-13-at-14.23.06-768x1024.jpeg\" alt=\"\" width=\"526\" height=\"701\" srcset=\"https:\/\/agora.xtec.cat\/ceip-salvador-espriu-roda\/wp-content\/uploads\/usu1367\/2021\/09\/WhatsApp-Image-2021-09-13-at-14.23.06-768x1024.jpeg 768w, https:\/\/agora.xtec.cat\/ceip-salvador-espriu-roda\/wp-content\/uploads\/usu1367\/2021\/09\/WhatsApp-Image-2021-09-13-at-14.23.06-225x300.jpeg 225w, https:\/\/agora.xtec.cat\/ceip-salvador-espriu-roda\/wp-content\/uploads\/usu1367\/2021\/09\/WhatsApp-Image-2021-09-13-at-14.23.06-1152x1536.jpeg 1152w, https:\/\/agora.xtec.cat\/ceip-salvador-espriu-roda\/wp-content\/uploads\/usu1367\/2021\/09\/WhatsApp-Image-2021-09-13-at-14.23.06.jpeg 1200w\" sizes=\"auto, (max-width: 526px) 100vw, 526px\" \/><\/a> <a href=\"https:\/\/agora.xtec.cat\/ceip-salvador-espriu-roda\/wp-content\/uploads\/usu1367\/2021\/09\/IMG-20210913-WA0003.jpg\"><img loading=\"lazy\" decoding=\"async\" class=\"wp-image-4722 alignleft\" src=\"https:\/\/agora.xtec.cat\/ceip-salvador-espriu-roda\/wp-content\/uploads\/usu1367\/2021\/09\/IMG-20210913-WA0003-768x1024.jpg\" alt=\"\" width=\"439\" height=\"586\" srcset=\"https:\/\/agora.xtec.cat\/ceip-salvador-espriu-roda\/wp-content\/uploads\/usu1367\/2021\/09\/IMG-20210913-WA0003-768x1023.jpg 768w, https:\/\/agora.xtec.cat\/ceip-salvador-espriu-roda\/wp-content\/uploads\/usu1367\/2021\/09\/IMG-20210913-WA0003-225x300.jpg 225w, https:\/\/agora.xtec.cat\/ceip-salvador-espriu-roda\/wp-content\/uploads\/usu1367\/2021\/09\/IMG-20210913-WA0003-1153x1536.jpg 1153w, https:\/\/agora.xtec.cat\/ceip-salvador-espriu-roda\/wp-content\/uploads\/usu1367\/2021\/09\/IMG-20210913-WA0003.jpg 1200w\" sizes=\"auto, (max-width: 439px) 100vw, 439px\" \/><\/a> <a href=\"https:\/\/agora.xtec.cat\/ceip-salvador-espriu-roda\/wp-content\/uploads\/usu1367\/2021\/09\/IMG-20210917-WA0019.jpg\"><img loading=\"lazy\" decoding=\"async\" class=\"wp-image-4723 alignleft\" src=\"https:\/\/agora.xtec.cat\/ceip-salvador-espriu-roda\/wp-content\/uploads\/usu1367\/2021\/09\/IMG-20210917-WA0019.jpg\" alt=\"\" width=\"604\" height=\"453\" srcset=\"https:\/\/agora.xtec.cat\/ceip-salvador-espriu-roda\/wp-content\/uploads\/usu1367\/2021\/09\/IMG-20210917-WA0019.jpg 1024w, https:\/\/agora.xtec.cat\/ceip-salvador-espriu-roda\/wp-content\/uploads\/usu1367\/2021\/09\/IMG-20210917-WA0019-300x225.jpg 300w, https:\/\/agora.xtec.cat\/ceip-salvador-espriu-roda\/wp-content\/uploads\/usu1367\/2021\/09\/IMG-20210917-WA0019-768x576.jpg 768w, https:\/\/agora.xtec.cat\/ceip-salvador-espriu-roda\/wp-content\/uploads\/usu1367\/2021\/09\/IMG-20210917-WA0019-200x150.jpg 200w\" sizes=\"auto, (max-width: 604px) 100vw, 604px\" \/><\/a> <a href=\"https:\/\/agora.xtec.cat\/ceip-salvador-espriu-roda\/wp-content\/uploads\/usu1367\/2021\/09\/IMG-20210917-WA0024.jpg\"><img loading=\"lazy\" decoding=\"async\" class=\"wp-image-4724 alignleft\" src=\"https:\/\/agora.xtec.cat\/ceip-salvador-espriu-roda\/wp-content\/uploads\/usu1367\/2021\/09\/IMG-20210917-WA0024-768x1024.jpg\" alt=\"\" width=\"434\" height=\"578\" srcset=\"https:\/\/agora.xtec.cat\/ceip-salvador-espriu-roda\/wp-content\/uploads\/usu1367\/2021\/09\/IMG-20210917-WA0024-768x1024.jpg 768w, https:\/\/agora.xtec.cat\/ceip-salvador-espriu-roda\/wp-content\/uploads\/usu1367\/2021\/09\/IMG-20210917-WA0024-225x300.jpg 225w, https:\/\/agora.xtec.cat\/ceip-salvador-espriu-roda\/wp-content\/uploads\/usu1367\/2021\/09\/IMG-20210917-WA0024-1152x1536.jpg 1152w, https:\/\/agora.xtec.cat\/ceip-salvador-espriu-roda\/wp-content\/uploads\/usu1367\/2021\/09\/IMG-20210917-WA0024.jpg 1500w\" sizes=\"auto, (max-width: 434px) 100vw, 434px\" \/><\/a> <img loading=\"lazy\" decoding=\"async\" class=\" wp-image-4720 alignleft\" src=\"https:\/\/agora.xtec.cat\/ceip-salvador-espriu-roda\/wp-content\/uploads\/usu1367\/2021\/09\/IMG-20210917-WA0030-1024x1024.jpg\" alt=\"\" width=\"747\" height=\"747\" srcset=\"https:\/\/agora.xtec.cat\/ceip-salvador-espriu-roda\/wp-content\/uploads\/usu1367\/2021\/09\/IMG-20210917-WA0030-1024x1024.jpg 1024w, https:\/\/agora.xtec.cat\/ceip-salvador-espriu-roda\/wp-content\/uploads\/usu1367\/2021\/09\/IMG-20210917-WA0030-300x300.jpg 300w, https:\/\/agora.xtec.cat\/ceip-salvador-espriu-roda\/wp-content\/uploads\/usu1367\/2021\/09\/IMG-20210917-WA0030-150x150.jpg 150w, https:\/\/agora.xtec.cat\/ceip-salvador-espriu-roda\/wp-content\/uploads\/usu1367\/2021\/09\/IMG-20210917-WA0030-768x768.jpg 768w, https:\/\/agora.xtec.cat\/ceip-salvador-espriu-roda\/wp-content\/uploads\/usu1367\/2021\/09\/IMG-20210917-WA0030-1536x1536.jpg 1536w, https:\/\/agora.xtec.cat\/ceip-salvador-espriu-roda\/wp-content\/uploads\/usu1367\/2021\/09\/IMG-20210917-WA0030.jpg 2048w\" sizes=\"auto, (max-width: 747px) 100vw, 747px\" \/><a href=\"https:\/\/agora.xtec.cat\/ceip-salvador-espriu-roda\/wp-content\/uploads\/usu1367\/2021\/09\/IMG-20210920-WA0000.jpg\"><img loading=\"lazy\" decoding=\"async\" class=\"wp-image-4728 alignleft\" src=\"https:\/\/agora.xtec.cat\/ceip-salvador-espriu-roda\/wp-content\/uploads\/usu1367\/2021\/09\/IMG-20210920-WA0000-1024x768.jpg\" alt=\"\" width=\"724\" height=\"543\" srcset=\"https:\/\/agora.xtec.cat\/ceip-salvador-espriu-roda\/wp-content\/uploads\/usu1367\/2021\/09\/IMG-20210920-WA0000-1024x768.jpg 1024w, https:\/\/agora.xtec.cat\/ceip-salvador-espriu-roda\/wp-content\/uploads\/usu1367\/2021\/09\/IMG-20210920-WA0000-300x225.jpg 300w, https:\/\/agora.xtec.cat\/ceip-salvador-espriu-roda\/wp-content\/uploads\/usu1367\/2021\/09\/IMG-20210920-WA0000-768x576.jpg 768w, https:\/\/agora.xtec.cat\/ceip-salvador-espriu-roda\/wp-content\/uploads\/usu1367\/2021\/09\/IMG-20210920-WA0000-1536x1152.jpg 1536w, https:\/\/agora.xtec.cat\/ceip-salvador-espriu-roda\/wp-content\/uploads\/usu1367\/2021\/09\/IMG-20210920-WA0000-200x150.jpg 200w, https:\/\/agora.xtec.cat\/ceip-salvador-espriu-roda\/wp-content\/uploads\/usu1367\/2021\/09\/IMG-20210920-WA0000.jpg 1824w\" sizes=\"auto, (max-width: 724px) 100vw, 724px\" \/><\/a><\/p>\n<\/div>\n","protected":false},"excerpt":{"rendered":"<p>El dilluns 13\u00a0 i el divendres 17 de setembre, vam celebrar l&#8217;inci de l&#8217;escola amb una Festa de Benvinguda. Vam retrobar-nos despr\u00e9s de les vacances i vam fer noves coneixences tot seguint les mesures de salut i educaci\u00f3 per fer front a la covid-19. Per&hellip;  <a href=\"https:\/\/agora.xtec.cat\/ceip-salvador-espriu-roda\/general\/iniciem-el-curs\/\" title=\"Read Iniciem el curs!\">Llegeix m\u00e9s\u00bb<\/a><\/p>\n","protected":false},"author":1,"featured_media":4720,"comment_status":"closed","ping_status":"closed","sticky":false,"template":"","format":"standard","meta":{"_bbp_topic_count":0,"_bbp_reply_count":0,"_bbp_total_topic_count":0,"_bbp_total_reply_count":0,"_bbp_voice_count":0,"_bbp_anonymous_reply_count":0,"_bbp_topic_count_hidden":0,"_bbp_reply_count_hidden":0,"_bbp_forum_subforum_count":0,"footnotes":""},"categories":[1,4],"tags":[],"class_list":["post-4718","post","type-post","status-publish","format-standard","has-post-thumbnail","hentry","category-general","category-portada"],"post_mailing_queue_ids":[],"_links":{"self":[{"href":"https:\/\/agora.xtec.cat\/ceip-salvador-espriu-roda\/wp-json\/wp\/v2\/posts\/4718","targetHints":{"allow":["GET"]}}],"collection":[{"href":"https:\/\/agora.xtec.cat\/ceip-salvador-espriu-roda\/wp-json\/wp\/v2\/posts"}],"about":[{"href":"https:\/\/agora.xtec.cat\/ceip-salvador-espriu-roda\/wp-json\/wp\/v2\/types\/post"}],"author":[{"embeddable":true,"href":"https:\/\/agora.xtec.cat\/ceip-salvador-espriu-roda\/wp-json\/wp\/v2\/users\/1"}],"replies":[{"embeddable":true,"href":"https:\/\/agora.xtec.cat\/ceip-salvador-espriu-roda\/wp-json\/wp\/v2\/comments?post=4718"}],"version-history":[{"count":3,"href":"https:\/\/agora.xtec.cat\/ceip-salvador-espriu-roda\/wp-json\/wp\/v2\/posts\/4718\/revisions"}],"predecessor-version":[{"id":4735,"href":"https:\/\/agora.xtec.cat\/ceip-salvador-espriu-roda\/wp-json\/wp\/v2\/posts\/4718\/revisions\/4735"}],"wp:featuredmedia":[{"embeddable":true,"href":"https:\/\/agora.xtec.cat\/ceip-salvador-espriu-roda\/wp-json\/wp\/v2\/media\/4720"}],"wp:attachment":[{"href":"https:\/\/agora.xtec.cat\/ceip-salvador-espriu-roda\/wp-json\/wp\/v2\/media?parent=4718"}],"wp:term":[{"taxonomy":"category","embeddable":true,"href":"https:\/\/agora.xtec.cat\/ceip-salvador-espriu-roda\/wp-json\/wp\/v2\/categories?post=4718"},{"taxonomy":"post_tag","embeddable":true,"href":"https:\/\/agora.xtec.cat\/ceip-salvador-espriu-roda\/wp-json\/wp\/v2\/tags?post=4718"}],"curies":[{"name":"wp","href":"https:\/\/api.w.org\/{rel}","templated":true}]}}