{"id":4527,"date":"2021-05-29T09:35:15","date_gmt":"2021-05-29T07:35:15","guid":{"rendered":"http:\/\/agora.xtec.cat\/ceip-salvador-espriu-roda\/?p=4527"},"modified":"2021-05-29T09:35:40","modified_gmt":"2021-05-29T07:35:40","slug":"sortida-mediambiental-coneixem-els-madalers","status":"publish","type":"post","link":"https:\/\/agora.xtec.cat\/ceip-salvador-espriu-roda\/general\/sortida-mediambiental-coneixem-els-madalers\/","title":{"rendered":"Sortida mediambiental &#8220;Coneixem els Madalers&#8221;"},"content":{"rendered":"<p>Durant el mes de maig l&#8217;alumnat de sis\u00e8 van fer una sortida a la platja, a la zona dels Madalers. La sortida s\u2019ha centrat en con\u00e8ixer les especies aut\u00f2ctones i la import\u00e0ncia d\u2019aquesta zona del litoral en perill de desapar\u00e8ixer. Tamb\u00e9 vam fer neteja de les deixalles que vam trobar en aquest espai protegit. Finalment vam acabar de passar el dia fent jocs d&#8217;aigua.<\/p>\n<p><a href=\"https:\/\/photos.app.goo.gl\/97jt1fkCf56znXgy9\"><img loading=\"lazy\" decoding=\"async\" class=\"aligncenter wp-image-4529\" src=\"https:\/\/agora.xtec.cat\/ceip-salvador-espriu-roda\/wp-content\/uploads\/usu1367\/2021\/05\/IMG_20210524_110010-1-1024x473.jpg\" alt=\"\" width=\"885\" height=\"409\" srcset=\"https:\/\/agora.xtec.cat\/ceip-salvador-espriu-roda\/wp-content\/uploads\/usu1367\/2021\/05\/IMG_20210524_110010-1.jpg 1024w, https:\/\/agora.xtec.cat\/ceip-salvador-espriu-roda\/wp-content\/uploads\/usu1367\/2021\/05\/IMG_20210524_110010-1-300x139.jpg 300w, https:\/\/agora.xtec.cat\/ceip-salvador-espriu-roda\/wp-content\/uploads\/usu1367\/2021\/05\/IMG_20210524_110010-1-768x355.jpg 768w\" sizes=\"auto, (max-width: 885px) 100vw, 885px\" \/><\/a><\/p>\n","protected":false},"excerpt":{"rendered":"<p>Durant el mes de maig l&#8217;alumnat de sis\u00e8 van fer una sortida a la platja, a la zona dels Madalers. La sortida s\u2019ha centrat en con\u00e8ixer les especies aut\u00f2ctones i la import\u00e0ncia d\u2019aquesta zona del litoral en perill de desapar\u00e8ixer. Tamb\u00e9 vam fer neteja de&hellip;  <a href=\"https:\/\/agora.xtec.cat\/ceip-salvador-espriu-roda\/general\/sortida-mediambiental-coneixem-els-madalers\/\" title=\"Read Sortida mediambiental &#8220;Coneixem els Madalers&#8221;\">Llegeix m\u00e9s\u00bb<\/a><\/p>\n","protected":false},"author":1,"featured_media":4529,"comment_status":"closed","ping_status":"closed","sticky":false,"template":"","format":"standard","meta":{"_bbp_topic_count":0,"_bbp_reply_count":0,"_bbp_total_topic_count":0,"_bbp_total_reply_count":0,"_bbp_voice_count":0,"_bbp_anonymous_reply_count":0,"_bbp_topic_count_hidden":0,"_bbp_reply_count_hidden":0,"_bbp_forum_subforum_count":0,"footnotes":""},"categories":[126,1,4,77],"tags":[],"class_list":["post-4527","post","type-post","status-publish","format-standard","has-post-thumbnail","hentry","category-educacio-mediambiental","category-general","category-portada","category-projectes"],"post_mailing_queue_ids":[],"_links":{"self":[{"href":"https:\/\/agora.xtec.cat\/ceip-salvador-espriu-roda\/wp-json\/wp\/v2\/posts\/4527","targetHints":{"allow":["GET"]}}],"collection":[{"href":"https:\/\/agora.xtec.cat\/ceip-salvador-espriu-roda\/wp-json\/wp\/v2\/posts"}],"about":[{"href":"https:\/\/agora.xtec.cat\/ceip-salvador-espriu-roda\/wp-json\/wp\/v2\/types\/post"}],"author":[{"embeddable":true,"href":"https:\/\/agora.xtec.cat\/ceip-salvador-espriu-roda\/wp-json\/wp\/v2\/users\/1"}],"replies":[{"embeddable":true,"href":"https:\/\/agora.xtec.cat\/ceip-salvador-espriu-roda\/wp-json\/wp\/v2\/comments?post=4527"}],"version-history":[{"count":3,"href":"https:\/\/agora.xtec.cat\/ceip-salvador-espriu-roda\/wp-json\/wp\/v2\/posts\/4527\/revisions"}],"predecessor-version":[{"id":4532,"href":"https:\/\/agora.xtec.cat\/ceip-salvador-espriu-roda\/wp-json\/wp\/v2\/posts\/4527\/revisions\/4532"}],"wp:featuredmedia":[{"embeddable":true,"href":"https:\/\/agora.xtec.cat\/ceip-salvador-espriu-roda\/wp-json\/wp\/v2\/media\/4529"}],"wp:attachment":[{"href":"https:\/\/agora.xtec.cat\/ceip-salvador-espriu-roda\/wp-json\/wp\/v2\/media?parent=4527"}],"wp:term":[{"taxonomy":"category","embeddable":true,"href":"https:\/\/agora.xtec.cat\/ceip-salvador-espriu-roda\/wp-json\/wp\/v2\/categories?post=4527"},{"taxonomy":"post_tag","embeddable":true,"href":"https:\/\/agora.xtec.cat\/ceip-salvador-espriu-roda\/wp-json\/wp\/v2\/tags?post=4527"}],"curies":[{"name":"wp","href":"https:\/\/api.w.org\/{rel}","templated":true}]}}