{"id":4500,"date":"2021-05-04T12:54:28","date_gmt":"2021-05-04T10:54:28","guid":{"rendered":"http:\/\/agora.xtec.cat\/ceip-salvador-espriu-roda\/?p=4500"},"modified":"2021-05-04T12:54:28","modified_gmt":"2021-05-04T10:54:28","slug":"els-de-segon-anem-al-cucurull","status":"publish","type":"post","link":"https:\/\/agora.xtec.cat\/ceip-salvador-espriu-roda\/general\/els-de-segon-anem-al-cucurull\/","title":{"rendered":"Els de segon anem al Cucurull"},"content":{"rendered":"<p>&nbsp;<\/p>\n<p>Els alumnes de segon durant el mes d\u2019abril vam realitzar una sortida al Cucurull relacionada amb la descoberta de la natura del nostre entorn. Vam caminar for\u00e7a per\u00f2 ens ho vam passar molt b\u00e9!!<\/p>\n<p><a href=\"https:\/\/photos.app.goo.gl\/4CQxj8GZxRVKoutW9\"><img loading=\"lazy\" decoding=\"async\" class=\"aligncenter wp-image-4506\" src=\"https:\/\/agora.xtec.cat\/ceip-salvador-espriu-roda\/wp-content\/uploads\/usu1367\/2021\/04\/IMG_20210413_111357-1024x768.jpg\" alt=\"\" width=\"665\" height=\"499\" srcset=\"https:\/\/agora.xtec.cat\/ceip-salvador-espriu-roda\/wp-content\/uploads\/usu1367\/2021\/04\/IMG_20210413_111357.jpg 1024w, https:\/\/agora.xtec.cat\/ceip-salvador-espriu-roda\/wp-content\/uploads\/usu1367\/2021\/04\/IMG_20210413_111357-300x225.jpg 300w, https:\/\/agora.xtec.cat\/ceip-salvador-espriu-roda\/wp-content\/uploads\/usu1367\/2021\/04\/IMG_20210413_111357-768x576.jpg 768w, https:\/\/agora.xtec.cat\/ceip-salvador-espriu-roda\/wp-content\/uploads\/usu1367\/2021\/04\/IMG_20210413_111357-200x150.jpg 200w\" sizes=\"auto, (max-width: 665px) 100vw, 665px\" \/><\/a><\/p>\n","protected":false},"excerpt":{"rendered":"<p>&nbsp;<br \/>\nEls alumnes de segon durant el mes d\u2019abril vam realitzar una sortida al Cucurull relacionada amb la descoberta de la natura del nostre entorn. Vam caminar for\u00e7a per\u00f2 ens ho vam passar molt b\u00e9!!<br \/>\n<a href=\"https:\/\/photos.app.goo.gl\/4CQxj8GZxRVKoutW9\"><\/a><\/p>\n","protected":false},"author":1,"featured_media":4506,"comment_status":"closed","ping_status":"closed","sticky":false,"template":"","format":"standard","meta":{"_bbp_topic_count":0,"_bbp_reply_count":0,"_bbp_total_topic_count":0,"_bbp_total_reply_count":0,"_bbp_voice_count":0,"_bbp_anonymous_reply_count":0,"_bbp_topic_count_hidden":0,"_bbp_reply_count_hidden":0,"_bbp_forum_subforum_count":0,"footnotes":""},"categories":[117,126,1,4,115],"tags":[],"class_list":["post-4500","post","type-post","status-publish","format-standard","has-post-thumbnail","hentry","category-comunitat-de-mitjans","category-educacio-mediambiental","category-general","category-portada","category-sortides"],"post_mailing_queue_ids":[],"_links":{"self":[{"href":"https:\/\/agora.xtec.cat\/ceip-salvador-espriu-roda\/wp-json\/wp\/v2\/posts\/4500","targetHints":{"allow":["GET"]}}],"collection":[{"href":"https:\/\/agora.xtec.cat\/ceip-salvador-espriu-roda\/wp-json\/wp\/v2\/posts"}],"about":[{"href":"https:\/\/agora.xtec.cat\/ceip-salvador-espriu-roda\/wp-json\/wp\/v2\/types\/post"}],"author":[{"embeddable":true,"href":"https:\/\/agora.xtec.cat\/ceip-salvador-espriu-roda\/wp-json\/wp\/v2\/users\/1"}],"replies":[{"embeddable":true,"href":"https:\/\/agora.xtec.cat\/ceip-salvador-espriu-roda\/wp-json\/wp\/v2\/comments?post=4500"}],"version-history":[{"count":2,"href":"https:\/\/agora.xtec.cat\/ceip-salvador-espriu-roda\/wp-json\/wp\/v2\/posts\/4500\/revisions"}],"predecessor-version":[{"id":4508,"href":"https:\/\/agora.xtec.cat\/ceip-salvador-espriu-roda\/wp-json\/wp\/v2\/posts\/4500\/revisions\/4508"}],"wp:featuredmedia":[{"embeddable":true,"href":"https:\/\/agora.xtec.cat\/ceip-salvador-espriu-roda\/wp-json\/wp\/v2\/media\/4506"}],"wp:attachment":[{"href":"https:\/\/agora.xtec.cat\/ceip-salvador-espriu-roda\/wp-json\/wp\/v2\/media?parent=4500"}],"wp:term":[{"taxonomy":"category","embeddable":true,"href":"https:\/\/agora.xtec.cat\/ceip-salvador-espriu-roda\/wp-json\/wp\/v2\/categories?post=4500"},{"taxonomy":"post_tag","embeddable":true,"href":"https:\/\/agora.xtec.cat\/ceip-salvador-espriu-roda\/wp-json\/wp\/v2\/tags?post=4500"}],"curies":[{"name":"wp","href":"https:\/\/api.w.org\/{rel}","templated":true}]}}