{"id":4458,"date":"2021-03-23T10:20:37","date_gmt":"2021-03-23T09:20:37","guid":{"rendered":"http:\/\/agora.xtec.cat\/ceip-salvador-espriu-roda\/?p=4458"},"modified":"2021-03-23T10:22:59","modified_gmt":"2021-03-23T09:22:59","slug":"certamen-de-lectura-en-veu-alta-2021","status":"publish","type":"post","link":"https:\/\/agora.xtec.cat\/ceip-salvador-espriu-roda\/general\/certamen-de-lectura-en-veu-alta-2021\/","title":{"rendered":"Certamen de lectura en veu alta 2021"},"content":{"rendered":"<p>&nbsp;<\/p>\n<p><a href=\"https:\/\/photos.app.goo.gl\/68MvwTYsvV15Dr86A\"><img loading=\"lazy\" decoding=\"async\" class=\"aligncenter wp-image-4459\" src=\"https:\/\/agora.xtec.cat\/ceip-salvador-espriu-roda\/wp-content\/uploads\/usu1367\/2021\/03\/IMG_20210319_114557-1024x722.jpg\" alt=\"\" width=\"490\" height=\"346\" \/><\/a><\/p>\n<p>Estimades fam\u00edlies,<\/p>\n<p>Un any m\u00e9s, el Salvador Espriu hem participat al CERTAMEN NACIONAL DE LECTURA EN VEU ALTA. Aquesta \u00e9s la seva 17\u00aa edici\u00f3.<!--more--><\/p>\n<p>El curs passat el certamen ja es va reinventar per poder-se adaptar a les circumst\u00e0ncies de la pand\u00e8mia. Enlloc de fer-lo presencial es van enregistrar els participants i es van publicar els v\u00eddeos al canal Youtube del certamen. Aix\u00ed doncs, degut el gran \u00e8xit que va tenir aquesta adaptaci\u00f3, enguany s\u2019ha apostat per mantenir aquest format.<\/p>\n<p>Com ja sabeu participem en la categoria de <strong>Grumets Vermells<\/strong> (Cicle Mitj\u00e0) i de la categoria de <strong>Grumets Verds<\/strong> (Cicle Superior). A la categoria de grumets vermells els concursants havien de llegir un fragment del llibre <strong>La balada del Petit Jack<\/strong>, de Mikel Valverde, i en la categoria de grumets verds un fragment de <strong>Pau Casals i el noi que tocava el viol\u00ed<\/strong>, de Jordi Sierra i Fabra.<\/p>\n<p>Aquest any, com en les edicions anteriors, cada aula ha escollit els seus dos representants. Posteriorment, el jurat de l\u2019escola, ha escollit el guanyador de la categoria de Grumets Vermells (Cicle Mitj\u00e0) i de la categoria de Grumets Verds (Cicle Superior). Els v\u00eddeos de les dos guanyadores han sigut enviats a l\u2019organitzaci\u00f3 del certamen que \u00e9s qui decidir\u00e0 els guanyadors de cada servei territorial.<\/p>\n<p>Aix\u00ed doncs, us comuniquem que la guanyadora dels Grumets Vermells de la nostra escola \u00e9s la <strong>Iria Quiroga Paredes<\/strong> de 4tA. Per altra banda, la guanyadora dels Grumets Verds \u00e9s la <strong>Vanessa Robles Dengra<\/strong> de 6\u00e8B.<\/p>\n<p>Volem felicitar tot l\u2019alumnat que ha participat al certamen i els volem animar que ho segueixin fent en les properes edicions. Els representants de cada aula han sigut els seg\u00fcents:<\/p>\n<p><strong>GRUMETS VERMELLS<\/strong>:<\/p>\n<p><strong>3rA: <\/strong>Roger Ca\u00f1ellas Guti\u00e9rrez i Valeria Rodr\u00edguez Hern\u00e1ndez<\/p>\n<p><strong>3rB: <\/strong><span style=\"font-family: inherit; font-size: 1em;\">Rabab El Amri i <\/span>Paula Entrena Seg\u00fan<\/p>\n<p><strong>4tA: Iria Quiroga Paredes<\/strong> i V\u00edctor Carrasco Alejo<\/p>\n<p><strong>4tB: <\/strong>Helen Jover Llop i\u00a0Giulia d\u2019Oro Quirico<\/p>\n<p><strong>GRUMETS VERDS<\/strong>:<\/p>\n<p><strong>5\u00e8A: <\/strong>Llara Men\u00e9ndez Quir\u00f3s i\u00a0Gemma Gonz\u00e1lez de Le\u00f3n<\/p>\n<p><strong>5\u00e8 B: <\/strong>Carla P\u00e9rez Soriano i\u00a0Laia Le\u00f3n Mu\u00f1oz<\/p>\n<p><strong>5\u00e8C:\u00a0<\/strong>Luc\u00eda Carballo Galindo i\u00a0Ainara Merch\u00e1n Gonz\u00e1lez<\/p>\n<p><strong>6\u00e8 A: <\/strong>Sara Pujol Jamal i\u00a0\u00c1lex Negro Olmo<\/p>\n<p><strong>6\u00e8B:\u00a0<\/strong>Erika L\u00f3pez Veenboer i\u00a0<strong>Vanessa Robles Dengra<\/strong><\/p>\n<p>&nbsp;<\/p>\n","protected":false},"excerpt":{"rendered":"<p>&nbsp;<br \/>\n<a href=\"https:\/\/photos.app.goo.gl\/68MvwTYsvV15Dr86A\"><\/a><br \/>\nEstimades fam\u00edlies,<br \/>\nUn any m\u00e9s, el Salvador Espriu hem participat al CERTAMEN NACIONAL DE LECTURA EN VEU ALTA. Aquesta \u00e9s la seva 17\u00aa edici\u00f3.<\/p>\n","protected":false},"author":1,"featured_media":4459,"comment_status":"closed","ping_status":"closed","sticky":false,"template":"","format":"standard","meta":{"_bbp_topic_count":0,"_bbp_reply_count":0,"_bbp_total_topic_count":0,"_bbp_total_reply_count":0,"_bbp_voice_count":0,"_bbp_anonymous_reply_count":0,"_bbp_topic_count_hidden":0,"_bbp_reply_count_hidden":0,"_bbp_forum_subforum_count":0,"footnotes":""},"categories":[1,55,4,129],"tags":[],"class_list":["post-4458","post","type-post","status-publish","format-standard","has-post-thumbnail","hentry","category-general","category-informacions-diverses","category-portada","category-projecte-linguistic"],"post_mailing_queue_ids":[],"_links":{"self":[{"href":"https:\/\/agora.xtec.cat\/ceip-salvador-espriu-roda\/wp-json\/wp\/v2\/posts\/4458","targetHints":{"allow":["GET"]}}],"collection":[{"href":"https:\/\/agora.xtec.cat\/ceip-salvador-espriu-roda\/wp-json\/wp\/v2\/posts"}],"about":[{"href":"https:\/\/agora.xtec.cat\/ceip-salvador-espriu-roda\/wp-json\/wp\/v2\/types\/post"}],"author":[{"embeddable":true,"href":"https:\/\/agora.xtec.cat\/ceip-salvador-espriu-roda\/wp-json\/wp\/v2\/users\/1"}],"replies":[{"embeddable":true,"href":"https:\/\/agora.xtec.cat\/ceip-salvador-espriu-roda\/wp-json\/wp\/v2\/comments?post=4458"}],"version-history":[{"count":2,"href":"https:\/\/agora.xtec.cat\/ceip-salvador-espriu-roda\/wp-json\/wp\/v2\/posts\/4458\/revisions"}],"predecessor-version":[{"id":4461,"href":"https:\/\/agora.xtec.cat\/ceip-salvador-espriu-roda\/wp-json\/wp\/v2\/posts\/4458\/revisions\/4461"}],"wp:featuredmedia":[{"embeddable":true,"href":"https:\/\/agora.xtec.cat\/ceip-salvador-espriu-roda\/wp-json\/wp\/v2\/media\/4459"}],"wp:attachment":[{"href":"https:\/\/agora.xtec.cat\/ceip-salvador-espriu-roda\/wp-json\/wp\/v2\/media?parent=4458"}],"wp:term":[{"taxonomy":"category","embeddable":true,"href":"https:\/\/agora.xtec.cat\/ceip-salvador-espriu-roda\/wp-json\/wp\/v2\/categories?post=4458"},{"taxonomy":"post_tag","embeddable":true,"href":"https:\/\/agora.xtec.cat\/ceip-salvador-espriu-roda\/wp-json\/wp\/v2\/tags?post=4458"}],"curies":[{"name":"wp","href":"https:\/\/api.w.org\/{rel}","templated":true}]}}