{"id":4420,"date":"2021-03-02T17:19:05","date_gmt":"2021-03-02T16:19:05","guid":{"rendered":"http:\/\/agora.xtec.cat\/ceip-salvador-espriu-roda\/?p=4420"},"modified":"2021-03-25T12:42:47","modified_gmt":"2021-03-25T11:42:47","slug":"carnaval-2021","status":"publish","type":"post","link":"https:\/\/agora.xtec.cat\/ceip-salvador-espriu-roda\/general\/carnaval-2021\/","title":{"rendered":"CARNAVAL 2021"},"content":{"rendered":"<p>Despr\u00e9s d&#8217;un any sense poder celebrar el carnaval per culpa del confinament, aquest curs si! Ha estat un carnaval una mica diferent per evitar barrejar grups bombolles per\u00f2 l&#8217;hem pogut celebrar.<!--more--><\/p>\n<p>L&#8217;Arribu i el Testament no es van poder llegir tots junts al pati com altres anys. El primer va ser per la megafonia a c\u00e0rrec dels nens i nenes de 5\u00e8 i el segon, els alumnes de 6\u00e8 el van llegir a cada grup-classe de manera individual.<\/p>\n<p>Dijous gras tamb\u00e9 va ser diferent. Infantil es va quedar al cole fent activitats relacionades amb la festa. Inicial va anar a la Pedrera de l&#8217;Elies i mitj\u00e0 al parc del cam\u00ed de El Vendrell (els dos cicle van anar pel mat\u00ed). Els grans de l&#8217;escola van passar tot el dia a la platja fent activitats de cooperaci\u00f3.<\/p>\n<p>En aquests enlla\u00e7os podeu gaudir d&#8217;una mostra de les fotografies que vam fer els mestres.<\/p>\n<p><a href=\"https:\/\/photos.app.goo.gl\/69tQmLNoSnzPT9Kx8\">ARRIBU I TESTAMENT<\/a><\/p>\n<p><a href=\"https:\/\/photos.app.goo.gl\/MXai4VSk7iTPCQKU7\">SETMANA DE CARNAVAL<\/a><\/p>\n<p><a href=\"https:\/\/photos.app.goo.gl\/G2xcztNNE3JGBzGr6\">DIJOUS GRAS<\/a><\/p>\n","protected":false},"excerpt":{"rendered":"<p>Despr\u00e9s d&#8217;un any sense poder celebrar el carnaval per culpa del confinament, aquest curs si! Ha estat un carnaval una mica diferent per evitar barrejar grups bombolles per\u00f2 l&#8217;hem pogut celebrar.<\/p>\n","protected":false},"author":1,"featured_media":4434,"comment_status":"closed","ping_status":"closed","sticky":false,"template":"","format":"standard","meta":{"_bbp_topic_count":0,"_bbp_reply_count":0,"_bbp_total_topic_count":0,"_bbp_total_reply_count":0,"_bbp_voice_count":0,"_bbp_anonymous_reply_count":0,"_bbp_topic_count_hidden":0,"_bbp_reply_count_hidden":0,"_bbp_forum_subforum_count":0,"footnotes":""},"categories":[67,68,1,55,4],"tags":[],"class_list":["post-4420","post","type-post","status-publish","format-standard","has-post-thumbnail","hentry","category-carnaval","category-festes","category-general","category-informacions-diverses","category-portada"],"post_mailing_queue_ids":[],"_links":{"self":[{"href":"https:\/\/agora.xtec.cat\/ceip-salvador-espriu-roda\/wp-json\/wp\/v2\/posts\/4420","targetHints":{"allow":["GET"]}}],"collection":[{"href":"https:\/\/agora.xtec.cat\/ceip-salvador-espriu-roda\/wp-json\/wp\/v2\/posts"}],"about":[{"href":"https:\/\/agora.xtec.cat\/ceip-salvador-espriu-roda\/wp-json\/wp\/v2\/types\/post"}],"author":[{"embeddable":true,"href":"https:\/\/agora.xtec.cat\/ceip-salvador-espriu-roda\/wp-json\/wp\/v2\/users\/1"}],"replies":[{"embeddable":true,"href":"https:\/\/agora.xtec.cat\/ceip-salvador-espriu-roda\/wp-json\/wp\/v2\/comments?post=4420"}],"version-history":[{"count":3,"href":"https:\/\/agora.xtec.cat\/ceip-salvador-espriu-roda\/wp-json\/wp\/v2\/posts\/4420\/revisions"}],"predecessor-version":[{"id":4474,"href":"https:\/\/agora.xtec.cat\/ceip-salvador-espriu-roda\/wp-json\/wp\/v2\/posts\/4420\/revisions\/4474"}],"wp:featuredmedia":[{"embeddable":true,"href":"https:\/\/agora.xtec.cat\/ceip-salvador-espriu-roda\/wp-json\/wp\/v2\/media\/4434"}],"wp:attachment":[{"href":"https:\/\/agora.xtec.cat\/ceip-salvador-espriu-roda\/wp-json\/wp\/v2\/media?parent=4420"}],"wp:term":[{"taxonomy":"category","embeddable":true,"href":"https:\/\/agora.xtec.cat\/ceip-salvador-espriu-roda\/wp-json\/wp\/v2\/categories?post=4420"},{"taxonomy":"post_tag","embeddable":true,"href":"https:\/\/agora.xtec.cat\/ceip-salvador-espriu-roda\/wp-json\/wp\/v2\/tags?post=4420"}],"curies":[{"name":"wp","href":"https:\/\/api.w.org\/{rel}","templated":true}]}}