{"id":4381,"date":"2021-02-05T10:46:52","date_gmt":"2021-02-05T09:46:52","guid":{"rendered":"http:\/\/agora.xtec.cat\/ceip-salvador-espriu-roda\/?p=4381"},"modified":"2021-02-05T10:47:10","modified_gmt":"2021-02-05T09:47:10","slug":"fem-reviure-el-nostre-hort","status":"publish","type":"post","link":"https:\/\/agora.xtec.cat\/ceip-salvador-espriu-roda\/general\/fem-reviure-el-nostre-hort\/","title":{"rendered":"Fem reviure el nostre hort"},"content":{"rendered":"<p>Benvolgudes fam\u00edlies,<\/p>\n<p>Aquesta \u00faltima setmana de gener per fi hem pogut posar en marxa la plantada de l\u2019hort de la nostra escola.<!--more--><br \/>\nJa ten\u00edem moltes ganes de fer-ho, i tot i la situaci\u00f3 at\u00edpica d\u2019enguany no hem volgut\u00a0 deixar passar l\u2019oportunitat de gaudir d\u2019aquest espai tan bonic i did\u00e0ctic qu\u00e8 disposem a la nostra escola.<br \/>\nClasse a classe vam poder anar a l\u2019hort a plantar diferents vegetals i cada grup ha plantat els seg\u00fcents:<\/p>\n<table>\n<tbody>\n<tr>\n<td width=\"83\">PRIMER<\/td>\n<td width=\"255\">FAVES<\/td>\n<\/tr>\n<tr>\n<td width=\"83\">SEGON<\/td>\n<td width=\"255\">ENCIAMS DE FULLA DE ROURE<\/td>\n<\/tr>\n<tr>\n<td width=\"83\">TERCER<\/td>\n<td width=\"255\">PASTANAGUES<\/td>\n<\/tr>\n<tr>\n<td width=\"83\">QUART<\/td>\n<td width=\"255\">P\u00c8SOLS<\/td>\n<\/tr>\n<tr>\n<td width=\"83\">CINQU\u00c8<\/td>\n<td width=\"255\">ENCIAMS MERAVELLA<\/td>\n<\/tr>\n<tr>\n<td width=\"83\">SIS\u00c8<\/td>\n<td width=\"255\">CEBES<\/td>\n<\/tr>\n<\/tbody>\n<\/table>\n<p>Esperem gaudir d\u2019una bona collita!!!<\/p>\n<p><a href=\"https:\/\/photos.app.goo.gl\/d69yW2t6hDxg7scP9\">Cliqueu aqu\u00ed per veure un recull de l&#8217;activitat.<\/a><\/p>\n","protected":false},"excerpt":{"rendered":"<p>Benvolgudes fam\u00edlies,<br \/>\nAquesta \u00faltima setmana de gener per fi hem pogut posar en marxa la plantada de l\u2019hort de la nostra escola.<\/p>\n","protected":false},"author":1,"featured_media":4382,"comment_status":"closed","ping_status":"closed","sticky":false,"template":"","format":"standard","meta":{"_bbp_topic_count":0,"_bbp_reply_count":0,"_bbp_total_topic_count":0,"_bbp_total_reply_count":0,"_bbp_voice_count":0,"_bbp_anonymous_reply_count":0,"_bbp_topic_count_hidden":0,"_bbp_reply_count_hidden":0,"_bbp_forum_subforum_count":0,"footnotes":""},"categories":[81,1,103,4,108],"tags":[],"class_list":["post-4381","post","type-post","status-publish","format-standard","has-post-thumbnail","hentry","category-escoles-verdes","category-general","category-hem-fet-a-escola","category-portada","category-primaria"],"post_mailing_queue_ids":[],"_links":{"self":[{"href":"https:\/\/agora.xtec.cat\/ceip-salvador-espriu-roda\/wp-json\/wp\/v2\/posts\/4381","targetHints":{"allow":["GET"]}}],"collection":[{"href":"https:\/\/agora.xtec.cat\/ceip-salvador-espriu-roda\/wp-json\/wp\/v2\/posts"}],"about":[{"href":"https:\/\/agora.xtec.cat\/ceip-salvador-espriu-roda\/wp-json\/wp\/v2\/types\/post"}],"author":[{"embeddable":true,"href":"https:\/\/agora.xtec.cat\/ceip-salvador-espriu-roda\/wp-json\/wp\/v2\/users\/1"}],"replies":[{"embeddable":true,"href":"https:\/\/agora.xtec.cat\/ceip-salvador-espriu-roda\/wp-json\/wp\/v2\/comments?post=4381"}],"version-history":[{"count":2,"href":"https:\/\/agora.xtec.cat\/ceip-salvador-espriu-roda\/wp-json\/wp\/v2\/posts\/4381\/revisions"}],"predecessor-version":[{"id":4384,"href":"https:\/\/agora.xtec.cat\/ceip-salvador-espriu-roda\/wp-json\/wp\/v2\/posts\/4381\/revisions\/4384"}],"wp:featuredmedia":[{"embeddable":true,"href":"https:\/\/agora.xtec.cat\/ceip-salvador-espriu-roda\/wp-json\/wp\/v2\/media\/4382"}],"wp:attachment":[{"href":"https:\/\/agora.xtec.cat\/ceip-salvador-espriu-roda\/wp-json\/wp\/v2\/media?parent=4381"}],"wp:term":[{"taxonomy":"category","embeddable":true,"href":"https:\/\/agora.xtec.cat\/ceip-salvador-espriu-roda\/wp-json\/wp\/v2\/categories?post=4381"},{"taxonomy":"post_tag","embeddable":true,"href":"https:\/\/agora.xtec.cat\/ceip-salvador-espriu-roda\/wp-json\/wp\/v2\/tags?post=4381"}],"curies":[{"name":"wp","href":"https:\/\/api.w.org\/{rel}","templated":true}]}}