{"id":4259,"date":"2020-11-05T12:05:57","date_gmt":"2020-11-05T11:05:57","guid":{"rendered":"http:\/\/agora.xtec.cat\/ceip-salvador-espriu-roda\/?p=4259"},"modified":"2020-11-05T12:08:04","modified_gmt":"2020-11-05T11:08:04","slug":"halloween-and-the-pumpkins","status":"publish","type":"post","link":"https:\/\/agora.xtec.cat\/ceip-salvador-espriu-roda\/portada\/halloween-and-the-pumpkins\/","title":{"rendered":"Halloween and the pumpkins"},"content":{"rendered":"<p>Les darreres setmanes, l\u2019alumnat de Cicle Superior hem treballat la festivitat de Halloween<!--more--> des de l\u2019assignatura d\u2019angl\u00e8s. Ens ho hem passat molt b\u00e9 perqu\u00e8 hem treballat moltes coses, com ara la hist\u00f2ria i origen de Halloween. Tamb\u00e9 hem descobert que existeixen molts tipus de carabasses, totes ben diferents, les hem mesurat i comparat&#8230; i tamb\u00e9 hem fet experiments amb elles.<\/p>\n<p>Ha estat un Halloween diferent ple de descobertes i aprenentatges!<\/p>\n<p>Aqu\u00ed teniu les imatges:<\/p>\n<p><a href=\"https:\/\/photos.app.goo.gl\/pHLp3utemj4XpNX78\">https:\/\/photos.app.goo.gl\/pHLp3utemj4XpNX78<\/a><\/p>\n","protected":false},"excerpt":{"rendered":"<p>Les darreres setmanes, l\u2019alumnat de Cicle Superior hem treballat la festivitat de Halloween<\/p>\n","protected":false},"author":1,"featured_media":4261,"comment_status":"closed","ping_status":"closed","sticky":false,"template":"","format":"standard","meta":{"_bbp_topic_count":0,"_bbp_reply_count":0,"_bbp_total_topic_count":0,"_bbp_total_reply_count":0,"_bbp_voice_count":0,"_bbp_anonymous_reply_count":0,"_bbp_topic_count_hidden":0,"_bbp_reply_count_hidden":0,"_bbp_forum_subforum_count":0,"footnotes":""},"categories":[113,114,60,68,103,4,108],"tags":[],"class_list":["post-4259","post","type-post","status-publish","format-standard","has-post-thumbnail","hentry","category-5e","category-6e","category-castanyada","category-festes","category-hem-fet-a-escola","category-portada","category-primaria"],"post_mailing_queue_ids":[],"_links":{"self":[{"href":"https:\/\/agora.xtec.cat\/ceip-salvador-espriu-roda\/wp-json\/wp\/v2\/posts\/4259","targetHints":{"allow":["GET"]}}],"collection":[{"href":"https:\/\/agora.xtec.cat\/ceip-salvador-espriu-roda\/wp-json\/wp\/v2\/posts"}],"about":[{"href":"https:\/\/agora.xtec.cat\/ceip-salvador-espriu-roda\/wp-json\/wp\/v2\/types\/post"}],"author":[{"embeddable":true,"href":"https:\/\/agora.xtec.cat\/ceip-salvador-espriu-roda\/wp-json\/wp\/v2\/users\/1"}],"replies":[{"embeddable":true,"href":"https:\/\/agora.xtec.cat\/ceip-salvador-espriu-roda\/wp-json\/wp\/v2\/comments?post=4259"}],"version-history":[{"count":2,"href":"https:\/\/agora.xtec.cat\/ceip-salvador-espriu-roda\/wp-json\/wp\/v2\/posts\/4259\/revisions"}],"predecessor-version":[{"id":4262,"href":"https:\/\/agora.xtec.cat\/ceip-salvador-espriu-roda\/wp-json\/wp\/v2\/posts\/4259\/revisions\/4262"}],"wp:featuredmedia":[{"embeddable":true,"href":"https:\/\/agora.xtec.cat\/ceip-salvador-espriu-roda\/wp-json\/wp\/v2\/media\/4261"}],"wp:attachment":[{"href":"https:\/\/agora.xtec.cat\/ceip-salvador-espriu-roda\/wp-json\/wp\/v2\/media?parent=4259"}],"wp:term":[{"taxonomy":"category","embeddable":true,"href":"https:\/\/agora.xtec.cat\/ceip-salvador-espriu-roda\/wp-json\/wp\/v2\/categories?post=4259"},{"taxonomy":"post_tag","embeddable":true,"href":"https:\/\/agora.xtec.cat\/ceip-salvador-espriu-roda\/wp-json\/wp\/v2\/tags?post=4259"}],"curies":[{"name":"wp","href":"https:\/\/api.w.org\/{rel}","templated":true}]}}