{"id":4233,"date":"2020-10-05T10:29:32","date_gmt":"2020-10-05T08:29:32","guid":{"rendered":"http:\/\/agora.xtec.cat\/ceip-salvador-espriu-roda\/?p=4233"},"modified":"2020-11-05T12:09:54","modified_gmt":"2020-11-05T11:09:54","slug":"castanyada-2020","status":"publish","type":"post","link":"https:\/\/agora.xtec.cat\/ceip-salvador-espriu-roda\/general\/castanyada-2020\/","title":{"rendered":"CASTANYADA 2020"},"content":{"rendered":"<p>En aquest article podeu gaudir de les activitats organitzades<!--more--> amb l&#8217;esfor\u00e7 dels mestres i de les mestres, dels vostres fills i filles per la festa de la Castanyada.<\/p>\n<p>Si voleu gaudir, tamb\u00e9, de la nostra <strong>exposici\u00f3 de moniatos, al final de l&#8217;article<\/strong> podeu trobar les magnifiques creacions que han (i heu) presentat aquest any.<\/p>\n<p>Esperem que us agradin:<\/p>\n<p><a href=\"https:\/\/photos.app.goo.gl\/6UNWPDPR13NRe8Wn7\">P3<\/a><\/p>\n<p><a href=\"https:\/\/photos.app.goo.gl\/KTEorksZ7hbZ8cV5A\">P4<\/a><\/p>\n<p><a href=\"https:\/\/photos.app.goo.gl\/TB5s1GNtHEo1iEyeA\">P5<\/a><\/p>\n<p><a href=\"https:\/\/photos.app.goo.gl\/ywPNihu8hKMJmrGw8\">Primers<\/a><\/p>\n<p><a href=\"https:\/\/photos.app.goo.gl\/5TG3CQg3ef9k5zvm6\">Segons<\/a><\/p>\n<p><a href=\"https:\/\/photos.app.goo.gl\/cJAWLNw4HweJJtMF6\">Tercer A: Castanyada<\/a><\/p>\n<p><a href=\"https:\/\/photos.app.goo.gl\/cVNRqSKYrXTWKVGKA\">Tercer A: Halloween<\/a><\/p>\n<p><a href=\"https:\/\/photos.app.goo.gl\/gdD8zbM3Er8ywEpL8\">Tercer B: Castanyada<\/a><\/p>\n<p><a href=\"https:\/\/photos.app.goo.gl\/tw6MoQwLUF68491P8\">Tercer B: Halloween<\/a><\/p>\n<p><a href=\"https:\/\/photos.app.goo.gl\/WQ3Wasu51uv3t1du6\">Quart A<\/a><\/p>\n<p><a href=\"https:\/\/photos.app.goo.gl\/QCiJ6owugHrXtJ3L8\">Quart B: &#8220;La rumba de les castanyeres&#8221;.<\/a><\/p>\n<p><a href=\"https:\/\/photos.app.goo.gl\/yeeHVMBSGeVU9P5Q7\">Cinqu\u00e8 A: &#8220;Rap de la carbassa&#8221;.<\/a><\/p>\n<p><a href=\"https:\/\/photos.app.goo.gl\/h1FAAKojrWJsPqJz6\">Cinquens: Contes de por<\/a><\/p>\n<p><a href=\"https:\/\/photos.app.goo.gl\/pStcEYhB7NnGECdt8\">Sisens: Fem m\u00fasica amb gots.<\/a><\/p>\n<h6><a href=\"https:\/\/photos.app.goo.gl\/LPoVJy8SfCMNqs5JA\">EXPOSICI\u00d3 DE MONIATOS<\/a><\/h6>\n<p><strong><a href=\"https:\/\/photos.app.goo.gl\/msx9zDE8WKC2Hq7WA\">TOTES LES ACTIVITATS DE L&#8217;ESCOLA<\/a><\/strong><\/p>\n<p><strong>ENS EXPLIQUEU UNA HISTORIA DE POR?<\/strong><\/p>\n<p>En aquesta castanyada tan especial que ens ha tocat viure, els nens i les nenes de les tres classes de cinqu\u00e8 hem anat a explicar contes de por a diferents grups\u00a0 durant el mat\u00ed del divendres 30.<\/p>\n<p>Aix\u00ed, les tres classes de segon van rebre la visita dels\/de les alumnes de cinqu\u00e8 A. El grup de cinqu\u00e8 B va anar a les dues classes de tercer i la canalla de quart A i B van poder escoltar les hist\u00f2ries explicades per les xiquetes i els xiquets de cinqu\u00e8 C.<\/p>\n<p>Els contes, com no podia ser de cap altra manera, eren curts per\u00f2 intensos. Les aules es preparaven amb molta foscor i silenci, de manera que llu\u00efssin els efectes, tant de llum com de so. Un bon complement per enriquir la narraci\u00f3 han estat els objectes relacionats amb la narraci\u00f3: des d\u2019heures salvatges a l\u00e0pides de cementiri, passant per una fantasmag\u00f2rica dona, un bosc de roures, serps d\u2019aigua&#8230;<\/p>\n<p>En resum: una experi\u00e8ncia terror\u00edfica!!!!<\/p>\n<p>&nbsp;<\/p>\n","protected":false},"excerpt":{"rendered":"<p>En aquest article podeu gaudir de les activitats organitzades<\/p>\n","protected":false},"author":1,"featured_media":990,"comment_status":"closed","ping_status":"closed","sticky":false,"template":"","format":"standard","meta":{"_bbp_topic_count":0,"_bbp_reply_count":0,"_bbp_total_topic_count":0,"_bbp_total_reply_count":0,"_bbp_voice_count":0,"_bbp_anonymous_reply_count":0,"_bbp_topic_count_hidden":0,"_bbp_reply_count_hidden":0,"_bbp_forum_subforum_count":0,"footnotes":""},"categories":[60,68,1,103,4,108],"tags":[],"class_list":["post-4233","post","type-post","status-publish","format-standard","has-post-thumbnail","hentry","category-castanyada","category-festes","category-general","category-hem-fet-a-escola","category-portada","category-primaria"],"post_mailing_queue_ids":[],"_links":{"self":[{"href":"https:\/\/agora.xtec.cat\/ceip-salvador-espriu-roda\/wp-json\/wp\/v2\/posts\/4233","targetHints":{"allow":["GET"]}}],"collection":[{"href":"https:\/\/agora.xtec.cat\/ceip-salvador-espriu-roda\/wp-json\/wp\/v2\/posts"}],"about":[{"href":"https:\/\/agora.xtec.cat\/ceip-salvador-espriu-roda\/wp-json\/wp\/v2\/types\/post"}],"author":[{"embeddable":true,"href":"https:\/\/agora.xtec.cat\/ceip-salvador-espriu-roda\/wp-json\/wp\/v2\/users\/1"}],"replies":[{"embeddable":true,"href":"https:\/\/agora.xtec.cat\/ceip-salvador-espriu-roda\/wp-json\/wp\/v2\/comments?post=4233"}],"version-history":[{"count":4,"href":"https:\/\/agora.xtec.cat\/ceip-salvador-espriu-roda\/wp-json\/wp\/v2\/posts\/4233\/revisions"}],"predecessor-version":[{"id":4258,"href":"https:\/\/agora.xtec.cat\/ceip-salvador-espriu-roda\/wp-json\/wp\/v2\/posts\/4233\/revisions\/4258"}],"wp:featuredmedia":[{"embeddable":true,"href":"https:\/\/agora.xtec.cat\/ceip-salvador-espriu-roda\/wp-json\/wp\/v2\/media\/990"}],"wp:attachment":[{"href":"https:\/\/agora.xtec.cat\/ceip-salvador-espriu-roda\/wp-json\/wp\/v2\/media?parent=4233"}],"wp:term":[{"taxonomy":"category","embeddable":true,"href":"https:\/\/agora.xtec.cat\/ceip-salvador-espriu-roda\/wp-json\/wp\/v2\/categories?post=4233"},{"taxonomy":"post_tag","embeddable":true,"href":"https:\/\/agora.xtec.cat\/ceip-salvador-espriu-roda\/wp-json\/wp\/v2\/tags?post=4233"}],"curies":[{"name":"wp","href":"https:\/\/api.w.org\/{rel}","templated":true}]}}