{"id":4082,"date":"2020-06-12T11:25:58","date_gmt":"2020-06-12T09:25:58","guid":{"rendered":"http:\/\/agora.xtec.cat\/ceip-salvador-espriu-roda\/?p=4082"},"modified":"2021-03-25T12:43:16","modified_gmt":"2021-03-25T11:43:16","slug":"certamen-de-lectura-en-veu-alta-2","status":"publish","type":"post","link":"https:\/\/agora.xtec.cat\/ceip-salvador-espriu-roda\/general\/certamen-de-lectura-en-veu-alta-2\/","title":{"rendered":"Certamen de lectura en veu alta"},"content":{"rendered":"<p>Benvolgudes, fam\u00edlies,<\/p>\n<p>La Comissi\u00f3 de la Biblioteca vol compartir amb vosaltres que els organitzadors del\u00a0<strong>XVI\u00a0Certamen\u00a0de lectura en veu alta\u00a0<\/strong>al qual participem fa uns anys i<strong>\u00a0<\/strong>que va ser cancel\u00b7lat a causa de la situaci\u00f3 excepcional que est\u00e0 provocant la COVID-19 van organitzar el\u00a0CERTAMEN\u00a0DE LECTURA EN VEU ALTA EN CONFINAMENT.<!--more--><!--more--><\/p>\n<p>Els alumnes que havien sigut finalistes a les seves classes i que van representar la seva classe al Casino de Roda de Ber\u00e0 eren els que tenien l&#8217;oportunitat de participar en aquesta modalitat alternativa del Certamen de lectura en veu alta.<\/p>\n<p>Els alumnes participants s&#8217;havien de gravar llegint durant un minut i enviar-ho als seus tutors. Aquests v\u00eddeos han sigut publicats al canal de Youtube del certamen. A m\u00e9s, els participants han rebut un diploma per la seva participaci\u00f3.<\/p>\n<p>A continuaci\u00f3 compartim els enlla\u00e7os de Youtube pequ\u00e8 pogueu veure les lectures dels vostres companys i companyes. Esperem que en gaudiu!<\/p>\n<p><span style=\"color: #ff0000;\"><strong>Categoria Grumets Vermells:<\/strong><\/span><\/p>\n<p>Luc\u00eda Carballo &#8211; 4rt A: <a href=\"https:\/\/www.youtube.com\/watch?v=cXmhOxNsQHs\">https:\/\/www.youtube.com\/watch?v=cXmhOxNsQHs<\/a><\/p>\n<p>Alex Fuster &#8211; 4rt B:<a href=\"https:\/\/www.youtube.com\/watch?v=0hWebyEDBn8\"> https:\/\/www.youtube.com\/watch?v=0hWebyEDBn8<\/a><\/p>\n<p><span style=\"color: #99cc00;\"><strong>Categoria Grumets Verds:<\/strong><\/span><\/p>\n<p>Ivet Sierra &#8211; 5\u00e8 A:<a href=\"https:\/\/www.youtube.com\/watch?v=uzMa2-EbYg8\"> https:\/\/www.youtube.com\/watch?v=uzMa2-EbYg8<\/a><\/p>\n<p>Sara Pujol &#8211; 5\u00e8 A: <a href=\"https:\/\/www.youtube.com\/watch?v=7A1HwsgHnj4\">https:\/\/www.youtube.com\/watch?v=7A1HwsgHnj4<\/a><\/p>\n<p>Paula Lorenzo &#8211; 5\u00e8 B: <a href=\"https:\/\/www.youtube.com\/watch?v=hZO8oTD4xRI\">https:\/\/www.youtube.com\/watch?v=hZO8oTD4xRI<\/a><\/p>\n<p>Julia Toledano &#8211; 6\u00e8 A:<a href=\"https:\/\/www.youtube.com\/watch?v=lw_nWn7mbEQ\"> htps:\/\/www.youtube.com\/watch?v=lw_nWn7mbEQ<\/a><\/p>\n<p>Nerea Calvo &#8211; 6\u00e8 A:<a href=\"https:\/\/www.youtube.com\/watch?v=cj-ef4z6gjQ\"> https:\/\/www.youtube.com\/watch?v=cj-ef4z6gjQ<\/a><\/p>\n","protected":false},"excerpt":{"rendered":"<p>Benvolgudes, fam\u00edlies,<br \/>\nLa Comissi\u00f3 de la Biblioteca vol compartir amb vosaltres que els organitzadors del\u00a0XVI\u00a0Certamen\u00a0de lectura en veu alta\u00a0al qual participem fa uns anys i\u00a0que va ser cancel\u00b7lat a causa de la situaci\u00f3 excepcional que est\u00e0 provocant la COVID-19 van organitzar el\u00a0CERTAMEN\u00a0DE LECTURA EN VEU ALTA&hellip;  <a href=\"https:\/\/agora.xtec.cat\/ceip-salvador-espriu-roda\/general\/certamen-de-lectura-en-veu-alta-2\/\" title=\"Read Certamen de lectura en veu alta\">Llegeix m\u00e9s\u00bb<\/a><\/p>\n","protected":false},"author":1,"featured_media":0,"comment_status":"open","ping_status":"closed","sticky":false,"template":"","format":"standard","meta":{"_bbp_topic_count":0,"_bbp_reply_count":0,"_bbp_total_topic_count":0,"_bbp_total_reply_count":0,"_bbp_voice_count":0,"_bbp_anonymous_reply_count":0,"_bbp_topic_count_hidden":0,"_bbp_reply_count_hidden":0,"_bbp_forum_subforum_count":0,"footnotes":""},"categories":[64,1,55,4],"tags":[],"class_list":["post-4082","post","type-post","status-publish","format-standard","hentry","category-biblioteca","category-general","category-informacions-diverses","category-portada"],"post_mailing_queue_ids":[],"_links":{"self":[{"href":"https:\/\/agora.xtec.cat\/ceip-salvador-espriu-roda\/wp-json\/wp\/v2\/posts\/4082","targetHints":{"allow":["GET"]}}],"collection":[{"href":"https:\/\/agora.xtec.cat\/ceip-salvador-espriu-roda\/wp-json\/wp\/v2\/posts"}],"about":[{"href":"https:\/\/agora.xtec.cat\/ceip-salvador-espriu-roda\/wp-json\/wp\/v2\/types\/post"}],"author":[{"embeddable":true,"href":"https:\/\/agora.xtec.cat\/ceip-salvador-espriu-roda\/wp-json\/wp\/v2\/users\/1"}],"replies":[{"embeddable":true,"href":"https:\/\/agora.xtec.cat\/ceip-salvador-espriu-roda\/wp-json\/wp\/v2\/comments?post=4082"}],"version-history":[{"count":3,"href":"https:\/\/agora.xtec.cat\/ceip-salvador-espriu-roda\/wp-json\/wp\/v2\/posts\/4082\/revisions"}],"predecessor-version":[{"id":4475,"href":"https:\/\/agora.xtec.cat\/ceip-salvador-espriu-roda\/wp-json\/wp\/v2\/posts\/4082\/revisions\/4475"}],"wp:attachment":[{"href":"https:\/\/agora.xtec.cat\/ceip-salvador-espriu-roda\/wp-json\/wp\/v2\/media?parent=4082"}],"wp:term":[{"taxonomy":"category","embeddable":true,"href":"https:\/\/agora.xtec.cat\/ceip-salvador-espriu-roda\/wp-json\/wp\/v2\/categories?post=4082"},{"taxonomy":"post_tag","embeddable":true,"href":"https:\/\/agora.xtec.cat\/ceip-salvador-espriu-roda\/wp-json\/wp\/v2\/tags?post=4082"}],"curies":[{"name":"wp","href":"https:\/\/api.w.org\/{rel}","templated":true}]}}