{"id":3789,"date":"2020-04-23T16:52:08","date_gmt":"2020-04-23T14:52:08","guid":{"rendered":"http:\/\/agora.xtec.cat\/ceip-salvador-espriu-roda\/?p=3789"},"modified":"2020-04-23T16:52:08","modified_gmt":"2020-04-23T14:52:08","slug":"espriu-dor-2020-viii-jocs-florals","status":"publish","type":"post","link":"https:\/\/agora.xtec.cat\/ceip-salvador-espriu-roda\/general\/espriu-dor-2020-viii-jocs-florals\/","title":{"rendered":"ESPRIU D&#8217;OR 2020 &#8211; VIII Jocs Florals."},"content":{"rendered":"<div>Com cada any, coincidint amb la celebraci\u00f3 de la Diada de Sant Jordi, l\u2019escola organitza un <u>Certamen Literari,<\/u> enguany en la seva vuitena edici\u00f3, amb l\u2019objectiu de potenciar i estimular l\u2019expressi\u00f3 i producci\u00f3 escrites del nostre alumnat i fomentar i difondre aix\u00ed, una tradici\u00f3 cultural pr\u00f2pia.<\/div>\n<div><\/div>\n<div>Enguany, tot i la situaci\u00f3 de confinament que estem vivint, no hem volgut perdre l&#8217;ocasi\u00f3 i hem organitzat el certamen de manera virtual. La participaci\u00f3 d&#8217;enguany ha sigut volunt\u00e0ria, des de P5 fins a 6\u00e8 i ho han fet amb produccions de creaci\u00f3 pr\u00f2pia i escrites en llengua catalana.<\/div>\n<div><\/div>\n<div><\/div>\n<div>Ara ens agradaria compartir a tots vosaltres les produccions guanyadores d&#8217;aquest vuit\u00e8 certamen literari edici\u00f3 confinada.<\/div>\n<div><\/div>\n<div><\/div>\n<p><a href=\"https:\/\/agora.xtec.cat\/ceip-salvador-espriu-roda\/wp-content\/uploads\/usu1367\/2020\/04\/P5-DRAC-Elsa-Zapata.pdf\">P5 &#8211; DRAC &#8211; Elsa Zapata<\/a><\/p>\n<p><a href=\"https:\/\/agora.xtec.cat\/ceip-salvador-espriu-roda\/wp-content\/uploads\/usu1367\/2020\/04\/1r-Els-m\u00e9s-valents-Daniela-Garcia.pdf\">1r &#8211; Els m\u00e9s valents &#8211; Daniela Garcia<\/a><\/p>\n<p><a href=\"https:\/\/agora.xtec.cat\/ceip-salvador-espriu-roda\/wp-content\/uploads\/usu1367\/2020\/04\/2n-El-Cigronet-confinat-Roger-Ca\u00f1ellas.pdf\">2n &#8211; El Cigronet confinat &#8211; Roger Ca\u00f1ellas<\/a><\/p>\n<p><a href=\"https:\/\/agora.xtec.cat\/ceip-salvador-espriu-roda\/wp-content\/uploads\/usu1367\/2020\/04\/3r-S\u00faper-senyor-Poppins-Lia-Aguilera.pdf\">3r &#8211; S\u00faper senyor Poppins &#8211; Lia Aguilera<\/a><\/p>\n<p><a href=\"https:\/\/agora.xtec.cat\/ceip-salvador-espriu-roda\/wp-content\/uploads\/usu1367\/2020\/04\/4t-Un-poble-a-la-Mar-Pau-Mart\u00ednez.pdf\">4t &#8211; Un poble a la Mar &#8211; Pau Mart\u00ednez<\/a><\/p>\n<p><a href=\"https:\/\/agora.xtec.cat\/ceip-salvador-espriu-roda\/wp-content\/uploads\/usu1367\/2020\/04\/5\u00e8-La-gran-aventura-Paula-Lorenzo.pdf\">5\u00e8 &#8211; La gran aventura &#8211; Paula Lorenzo<\/a><\/p>\n<p><a href=\"https:\/\/agora.xtec.cat\/ceip-salvador-espriu-roda\/wp-content\/uploads\/usu1367\/2020\/04\/6\u00e8-Plut\u00f3-no-\u00e9s-un-planeta.-Bruno-Garc\u00eda.pdf\">6\u00e8 &#8211; Plut\u00f3 no \u00e9s un planeta. Bruno Garc\u00eda<\/a><\/p>\n<p>Moltes felicitats a tots\/es els\/les participants; heu fet molt bona feina!<\/p>\n<p><img loading=\"lazy\" decoding=\"async\" class=\"aligncenter  wp-image-3800\" src=\"https:\/\/agora.xtec.cat\/ceip-salvador-espriu-roda\/wp-content\/uploads\/usu1367\/2020\/04\/animacio.gif\" alt=\"\" width=\"396\" height=\"560\" \/><\/p>\n<p>&nbsp;<\/p>\n<p>A continuaci\u00f3 trobareu els premis per als guanyadors:<\/p>\n<p><a href=\"https:\/\/agora.xtec.cat\/ceip-salvador-espriu-roda\/wp-content\/uploads\/usu1367\/2020\/04\/P5-Elsa-Zapata.pdf\">P5 &#8211; Elsa Zapata<\/a><\/p>\n<p><a href=\"https:\/\/agora.xtec.cat\/ceip-salvador-espriu-roda\/wp-content\/uploads\/usu1367\/2020\/04\/1r-Daniela-Garcia.pdf\">1r &#8211; Daniela Garcia<\/a><\/p>\n<p><a href=\"https:\/\/agora.xtec.cat\/ceip-salvador-espriu-roda\/wp-content\/uploads\/usu1367\/2020\/04\/2n-Roger-Ca\u00f1ellas.pdf\">2n &#8211; Roger Ca\u00f1ellas<\/a><\/p>\n<p><a href=\"https:\/\/agora.xtec.cat\/ceip-salvador-espriu-roda\/wp-content\/uploads\/usu1367\/2020\/04\/3r-Lia-Aguilera.pdf\">3r &#8211; Lia Aguilera<\/a><\/p>\n<p><a href=\"https:\/\/agora.xtec.cat\/ceip-salvador-espriu-roda\/wp-content\/uploads\/usu1367\/2020\/04\/4t-Pau-Mart\u00ednez.pdf\">4t &#8211; Pau Mart\u00ednez<\/a><\/p>\n<p><a href=\"https:\/\/agora.xtec.cat\/ceip-salvador-espriu-roda\/wp-content\/uploads\/usu1367\/2020\/04\/5e-Paula-Lorenzo.pdf\">5e &#8211; Paula Lorenzo<\/a><\/p>\n<p><a href=\"https:\/\/agora.xtec.cat\/ceip-salvador-espriu-roda\/wp-content\/uploads\/usu1367\/2020\/04\/6e-Bruno-Garc\u00eda.pdf\">6e &#8211; Bruno Garc\u00eda<\/a><\/p>\n","protected":false},"excerpt":{"rendered":"<p>Com cada any, coincidint amb la celebraci\u00f3 de la Diada de Sant Jordi, l\u2019escola organitza un Certamen Literari, enguany en la seva vuitena edici\u00f3, amb l\u2019objectiu de potenciar i estimular l\u2019expressi\u00f3 i producci\u00f3 escrites del nostre alumnat i fomentar i difondre aix\u00ed, una tradici\u00f3 cultural&hellip;  <a href=\"https:\/\/agora.xtec.cat\/ceip-salvador-espriu-roda\/general\/espriu-dor-2020-viii-jocs-florals\/\" title=\"Read ESPRIU D&#8217;OR 2020 &#8211; VIII Jocs Florals.\">Llegeix m\u00e9s\u00bb<\/a><\/p>\n","protected":false},"author":1,"featured_media":3788,"comment_status":"open","ping_status":"closed","sticky":false,"template":"","format":"standard","meta":{"_bbp_topic_count":0,"_bbp_reply_count":0,"_bbp_total_topic_count":0,"_bbp_total_reply_count":0,"_bbp_voice_count":0,"_bbp_anonymous_reply_count":0,"_bbp_topic_count_hidden":0,"_bbp_reply_count_hidden":0,"_bbp_forum_subforum_count":0,"footnotes":""},"categories":[68,1,4,129,72],"tags":[],"class_list":["post-3789","post","type-post","status-publish","format-standard","has-post-thumbnail","hentry","category-festes","category-general","category-portada","category-projecte-linguistic","category-sant-jordi"],"post_mailing_queue_ids":[],"_links":{"self":[{"href":"https:\/\/agora.xtec.cat\/ceip-salvador-espriu-roda\/wp-json\/wp\/v2\/posts\/3789","targetHints":{"allow":["GET"]}}],"collection":[{"href":"https:\/\/agora.xtec.cat\/ceip-salvador-espriu-roda\/wp-json\/wp\/v2\/posts"}],"about":[{"href":"https:\/\/agora.xtec.cat\/ceip-salvador-espriu-roda\/wp-json\/wp\/v2\/types\/post"}],"author":[{"embeddable":true,"href":"https:\/\/agora.xtec.cat\/ceip-salvador-espriu-roda\/wp-json\/wp\/v2\/users\/1"}],"replies":[{"embeddable":true,"href":"https:\/\/agora.xtec.cat\/ceip-salvador-espriu-roda\/wp-json\/wp\/v2\/comments?post=3789"}],"version-history":[{"count":3,"href":"https:\/\/agora.xtec.cat\/ceip-salvador-espriu-roda\/wp-json\/wp\/v2\/posts\/3789\/revisions"}],"predecessor-version":[{"id":3808,"href":"https:\/\/agora.xtec.cat\/ceip-salvador-espriu-roda\/wp-json\/wp\/v2\/posts\/3789\/revisions\/3808"}],"wp:featuredmedia":[{"embeddable":true,"href":"https:\/\/agora.xtec.cat\/ceip-salvador-espriu-roda\/wp-json\/wp\/v2\/media\/3788"}],"wp:attachment":[{"href":"https:\/\/agora.xtec.cat\/ceip-salvador-espriu-roda\/wp-json\/wp\/v2\/media?parent=3789"}],"wp:term":[{"taxonomy":"category","embeddable":true,"href":"https:\/\/agora.xtec.cat\/ceip-salvador-espriu-roda\/wp-json\/wp\/v2\/categories?post=3789"},{"taxonomy":"post_tag","embeddable":true,"href":"https:\/\/agora.xtec.cat\/ceip-salvador-espriu-roda\/wp-json\/wp\/v2\/tags?post=3789"}],"curies":[{"name":"wp","href":"https:\/\/api.w.org\/{rel}","templated":true}]}}