{"id":3730,"date":"2020-04-13T14:18:31","date_gmt":"2020-04-13T12:18:31","guid":{"rendered":"http:\/\/agora.xtec.cat\/ceip-salvador-espriu-roda\/?p=3730"},"modified":"2020-04-13T14:20:04","modified_gmt":"2020-04-13T12:20:04","slug":"que-fem-a-lambient-de-natura","status":"publish","type":"post","link":"https:\/\/agora.xtec.cat\/ceip-salvador-espriu-roda\/general\/que-fem-a-lambient-de-natura\/","title":{"rendered":"Qu\u00e8 fem a l&#8217;ambient de natura?"},"content":{"rendered":"<p>A l\u2019ambient de Natura, l\u2019objectiu principal que busquem \u00e9s que els nens i nenes aprenguin a treballar, manipular, observar i crear amb els materials que la Natura ens regala. D\u2019aquesta manera aprenen que, amb certs materials que ens d\u00f3na la terra, es poden fer molt\u00edssimes coses noves, que els motivar\u00e0 a jugar, compartir i viure experi\u00e8ncies d\u2019aprenentatge noves i curioses.<\/p>\n<p>A l\u2019ambient de Natura, trobem diferents microespais on els nens i nenes es poden dirigir per tal de practicar i gaudir de les variades activitats que se\u2019ls ofereix. Podem trobar moltes propostes:<\/p>\n<p>&#8211; Manipular la sorra que hem portat directament de la platja, que juntament amb les petxines i caragols de mar, els servir\u00e0 per fer precioses i imaginatives creacions. Afegint tamb\u00e9 les lupes, on podran veure fins el m\u00e9s petit detall de tots aquests materials que la mar ens proporciona.<\/p>\n<p>&#8211; Amb l\u2019ajuda de troncs i branques de diferents mesures i gruixos, poden fer les seves pr\u00f2pies creacions, tant a nivell individual, com en grup.<\/p>\n<p>&#8211; Fer figures amb fang, activitat que els agrada molt i amb la que gaudeixen manipulant aquest material i deixant volar la seva imaginaci\u00f3.<\/p>\n<p>&#8211; Amb pedres de diferents textures i mesures, poden fer formes, figures, s\u00e8ries i tot all\u00f2 que se\u2019ls va ocorrent.<\/p>\n<p>&#8211; Tamb\u00e9 amb l\u2019ajuda de les pedres rodones i fines, i alguns retoladors de colors, hem fet un microespai on s\u2019han dedicat a pintar pedres i fer molt\u00edssimes creacions pr\u00f2pies i molt originals.<\/p>\n<p>&#8211; Calcar fulles \u00e9s un altre espai que els causa bastant curiositat, ja que amb una fulla d\u2019arbre, un full blanc i un color de fusta, poden veure com els surt el dibuix d\u2019una fulla perfecta i original d\u2019arbre, treballant amb diferents mesures i formes de fulles.<\/p>\n<p>Com a tots els ambients que treballem a Educaci\u00f3 Infantil, el millor i m\u00e9s important, \u00e9s que els nens i nenes aprenen a ser aut\u00f2noms, a despla\u00e7ar-se i escollir els diferents ambients de qu\u00e8 disposem, i al mateix temps aprenen a dur a terme les normes de conviv\u00e8ncia i tamb\u00e9 a treballar en equip.<\/p>\n<p><a href=\"https:\/\/photos.app.goo.gl\/CJQboY57MBWYWpTj6\"><img loading=\"lazy\" decoding=\"async\" class=\"aligncenter size-full wp-image-3732\" src=\"https:\/\/agora.xtec.cat\/ceip-salvador-espriu-roda\/wp-content\/uploads\/usu1367\/2020\/04\/IMG_20200225_100313_2.jpg\" alt=\"\" width=\"391\" height=\"336\" srcset=\"https:\/\/agora.xtec.cat\/ceip-salvador-espriu-roda\/wp-content\/uploads\/usu1367\/2020\/04\/IMG_20200225_100313_2.jpg 391w, https:\/\/agora.xtec.cat\/ceip-salvador-espriu-roda\/wp-content\/uploads\/usu1367\/2020\/04\/IMG_20200225_100313_2-300x258.jpg 300w\" sizes=\"auto, (max-width: 391px) 100vw, 391px\" \/><\/a><\/p>\n","protected":false},"excerpt":{"rendered":"<p>A l\u2019ambient de Natura, l\u2019objectiu principal que busquem \u00e9s que els nens i nenes aprenguin a treballar, manipular, observar i crear amb els materials que la Natura ens regala. D\u2019aquesta manera aprenen que, amb certs materials que ens d\u00f3na la terra, es poden fer molt\u00edssimes&hellip;  <a href=\"https:\/\/agora.xtec.cat\/ceip-salvador-espriu-roda\/general\/que-fem-a-lambient-de-natura\/\" title=\"Read Qu\u00e8 fem a l&#8217;ambient de natura?\">Llegeix m\u00e9s\u00bb<\/a><\/p>\n","protected":false},"author":1,"featured_media":3732,"comment_status":"open","ping_status":"closed","sticky":false,"template":"","format":"standard","meta":{"_bbp_topic_count":0,"_bbp_reply_count":0,"_bbp_total_topic_count":0,"_bbp_total_reply_count":0,"_bbp_voice_count":0,"_bbp_anonymous_reply_count":0,"_bbp_topic_count_hidden":0,"_bbp_reply_count_hidden":0,"_bbp_forum_subforum_count":0,"footnotes":""},"categories":[66,1,103,105,106,107,104,4,77],"tags":[],"class_list":["post-3730","post","type-post","status-publish","format-standard","has-post-thumbnail","hentry","category-ambients-infantil","category-general","category-hem-fet-a-escola","category-i3","category-i4","category-i5","category-infantil","category-portada","category-projectes"],"post_mailing_queue_ids":[],"_links":{"self":[{"href":"https:\/\/agora.xtec.cat\/ceip-salvador-espriu-roda\/wp-json\/wp\/v2\/posts\/3730","targetHints":{"allow":["GET"]}}],"collection":[{"href":"https:\/\/agora.xtec.cat\/ceip-salvador-espriu-roda\/wp-json\/wp\/v2\/posts"}],"about":[{"href":"https:\/\/agora.xtec.cat\/ceip-salvador-espriu-roda\/wp-json\/wp\/v2\/types\/post"}],"author":[{"embeddable":true,"href":"https:\/\/agora.xtec.cat\/ceip-salvador-espriu-roda\/wp-json\/wp\/v2\/users\/1"}],"replies":[{"embeddable":true,"href":"https:\/\/agora.xtec.cat\/ceip-salvador-espriu-roda\/wp-json\/wp\/v2\/comments?post=3730"}],"version-history":[{"count":2,"href":"https:\/\/agora.xtec.cat\/ceip-salvador-espriu-roda\/wp-json\/wp\/v2\/posts\/3730\/revisions"}],"predecessor-version":[{"id":3733,"href":"https:\/\/agora.xtec.cat\/ceip-salvador-espriu-roda\/wp-json\/wp\/v2\/posts\/3730\/revisions\/3733"}],"wp:featuredmedia":[{"embeddable":true,"href":"https:\/\/agora.xtec.cat\/ceip-salvador-espriu-roda\/wp-json\/wp\/v2\/media\/3732"}],"wp:attachment":[{"href":"https:\/\/agora.xtec.cat\/ceip-salvador-espriu-roda\/wp-json\/wp\/v2\/media?parent=3730"}],"wp:term":[{"taxonomy":"category","embeddable":true,"href":"https:\/\/agora.xtec.cat\/ceip-salvador-espriu-roda\/wp-json\/wp\/v2\/categories?post=3730"},{"taxonomy":"post_tag","embeddable":true,"href":"https:\/\/agora.xtec.cat\/ceip-salvador-espriu-roda\/wp-json\/wp\/v2\/tags?post=3730"}],"curies":[{"name":"wp","href":"https:\/\/api.w.org\/{rel}","templated":true}]}}