{"id":3702,"date":"2020-04-02T14:09:12","date_gmt":"2020-04-02T12:09:12","guid":{"rendered":"http:\/\/agora.xtec.cat\/ceip-salvador-espriu-roda\/?p=3702"},"modified":"2020-04-02T14:12:24","modified_gmt":"2020-04-02T12:12:24","slug":"coneixem-la-yayoi-kusama","status":"publish","type":"post","link":"https:\/\/agora.xtec.cat\/ceip-salvador-espriu-roda\/general\/coneixem-la-yayoi-kusama\/","title":{"rendered":"Coneixem la Yayoi Kusama"},"content":{"rendered":"<p>Les classes dels italians i dels francesos hem conegut l\u2019artista Yayoi Kusama.<\/p>\n<p>Despr\u00e9s de buscar informaci\u00f3 sobre ella hem apr\u00e8s que \u00e9s una artista japonesa que dibuixa, pinta, fa escultures&#8230; Les seves obres s\u00f3n sempre molt vistoses i \u00e9s que la Yayoi t\u00e9 passi\u00f3 pels punts i aix\u00ed ho demostra en totes les seves produccions. A nosaltres ens va semblar que \u00e9s una artista molt divertida i vam decidir que li pod\u00edem fer un petit homenatge.<\/p>\n<p>La idea \u00e9s fer una estructura amb capses i ampolles per poder-la exposar al passad\u00eds i convidar-vos a que vingueu a veure-la.<\/p>\n<p>De moment ja hem comen\u00e7at a decorar-les i esperem seguir descobrint-la quan tornem a l&#8217;escola.<br \/>\nUs animem a fer les vostres creacions a casa seguint les obres inspiradores de la Yayoi i aix\u00ed poder fer una bonica exposici\u00f3 quan tornem a l&#8217;escola.<\/p>\n<p>Podeu veure qu\u00e8 i com hem comen\u00e7at a decorar en el seg\u00fcent \u00e0lbum.<\/p>\n<p><a href=\"https:\/\/photos.app.goo.gl\/hcHMpJGQdgoj6wrz6\"><img loading=\"lazy\" decoding=\"async\" class=\"aligncenter  wp-image-3706\" src=\"https:\/\/agora.xtec.cat\/ceip-salvador-espriu-roda\/wp-content\/uploads\/usu1367\/2020\/04\/kusama-yayoi-_louis-vuitton-1024x575.jpg\" alt=\"\" width=\"600\" height=\"337\" srcset=\"https:\/\/agora.xtec.cat\/ceip-salvador-espriu-roda\/wp-content\/uploads\/usu1367\/2020\/04\/kusama-yayoi-_louis-vuitton-1024x575.jpg 1024w, https:\/\/agora.xtec.cat\/ceip-salvador-espriu-roda\/wp-content\/uploads\/usu1367\/2020\/04\/kusama-yayoi-_louis-vuitton-300x169.jpg 300w, https:\/\/agora.xtec.cat\/ceip-salvador-espriu-roda\/wp-content\/uploads\/usu1367\/2020\/04\/kusama-yayoi-_louis-vuitton-768x432.jpg 768w, https:\/\/agora.xtec.cat\/ceip-salvador-espriu-roda\/wp-content\/uploads\/usu1367\/2020\/04\/kusama-yayoi-_louis-vuitton.jpg 1500w\" sizes=\"auto, (max-width: 600px) 100vw, 600px\" \/><\/a><\/p>\n","protected":false},"excerpt":{"rendered":"<p>Les classes dels italians i dels francesos hem conegut l\u2019artista Yayoi Kusama.<br \/>\nDespr\u00e9s de buscar informaci\u00f3 sobre ella hem apr\u00e8s que \u00e9s una artista japonesa que dibuixa, pinta, fa escultures&#8230; Les seves obres s\u00f3n sempre molt vistoses i \u00e9s que la Yayoi t\u00e9 passi\u00f3 pels punts&hellip;  <a href=\"https:\/\/agora.xtec.cat\/ceip-salvador-espriu-roda\/general\/coneixem-la-yayoi-kusama\/\" title=\"Read Coneixem la Yayoi Kusama\">Llegeix m\u00e9s\u00bb<\/a><\/p>\n","protected":false},"author":1,"featured_media":3706,"comment_status":"open","ping_status":"closed","sticky":false,"template":"","format":"standard","meta":{"_bbp_topic_count":0,"_bbp_reply_count":0,"_bbp_total_topic_count":0,"_bbp_total_reply_count":0,"_bbp_voice_count":0,"_bbp_anonymous_reply_count":0,"_bbp_topic_count_hidden":0,"_bbp_reply_count_hidden":0,"_bbp_forum_subforum_count":0,"footnotes":""},"categories":[1,103,107,104,4],"tags":[],"class_list":["post-3702","post","type-post","status-publish","format-standard","has-post-thumbnail","hentry","category-general","category-hem-fet-a-escola","category-i5","category-infantil","category-portada"],"post_mailing_queue_ids":[],"_links":{"self":[{"href":"https:\/\/agora.xtec.cat\/ceip-salvador-espriu-roda\/wp-json\/wp\/v2\/posts\/3702","targetHints":{"allow":["GET"]}}],"collection":[{"href":"https:\/\/agora.xtec.cat\/ceip-salvador-espriu-roda\/wp-json\/wp\/v2\/posts"}],"about":[{"href":"https:\/\/agora.xtec.cat\/ceip-salvador-espriu-roda\/wp-json\/wp\/v2\/types\/post"}],"author":[{"embeddable":true,"href":"https:\/\/agora.xtec.cat\/ceip-salvador-espriu-roda\/wp-json\/wp\/v2\/users\/1"}],"replies":[{"embeddable":true,"href":"https:\/\/agora.xtec.cat\/ceip-salvador-espriu-roda\/wp-json\/wp\/v2\/comments?post=3702"}],"version-history":[{"count":3,"href":"https:\/\/agora.xtec.cat\/ceip-salvador-espriu-roda\/wp-json\/wp\/v2\/posts\/3702\/revisions"}],"predecessor-version":[{"id":3707,"href":"https:\/\/agora.xtec.cat\/ceip-salvador-espriu-roda\/wp-json\/wp\/v2\/posts\/3702\/revisions\/3707"}],"wp:featuredmedia":[{"embeddable":true,"href":"https:\/\/agora.xtec.cat\/ceip-salvador-espriu-roda\/wp-json\/wp\/v2\/media\/3706"}],"wp:attachment":[{"href":"https:\/\/agora.xtec.cat\/ceip-salvador-espriu-roda\/wp-json\/wp\/v2\/media?parent=3702"}],"wp:term":[{"taxonomy":"category","embeddable":true,"href":"https:\/\/agora.xtec.cat\/ceip-salvador-espriu-roda\/wp-json\/wp\/v2\/categories?post=3702"},{"taxonomy":"post_tag","embeddable":true,"href":"https:\/\/agora.xtec.cat\/ceip-salvador-espriu-roda\/wp-json\/wp\/v2\/tags?post=3702"}],"curies":[{"name":"wp","href":"https:\/\/api.w.org\/{rel}","templated":true}]}}