{"id":3696,"date":"2020-04-01T15:34:08","date_gmt":"2020-04-01T13:34:08","guid":{"rendered":"http:\/\/agora.xtec.cat\/ceip-salvador-espriu-roda\/?p=3696"},"modified":"2020-04-01T15:41:59","modified_gmt":"2020-04-01T13:41:59","slug":"que-fem-a-lambient-sensorial","status":"publish","type":"post","link":"https:\/\/agora.xtec.cat\/ceip-salvador-espriu-roda\/general\/que-fem-a-lambient-sensorial\/","title":{"rendered":"Qu\u00e8 fem a l&#8217;ambient sensorial?"},"content":{"rendered":"<p>L\u2019ambient sensorial t\u00e9 com a objectiu estimular el coneixement sensorial i perceptiu de cada infant i provocar una actitud investigadora davant del m\u00f3n, que afavoreixi fer-se preguntes, formular-se hip\u00f2tesis, buscar estrat\u00e8gies i donar respostes.<\/p>\n<p>Els nens i nenes experimenten lliurement amb els materials de l\u2019ambient, per aix\u00ed anar adquirint seguretat, autonomia i responsabilitat.<\/p>\n<p>Mitjan\u00e7ant aquesta experimentaci\u00f3, sorgeixen una s\u00e8rie d\u2019emocions, relacions i viv\u00e8ncies que condueixen a la col\u00b7laboraci\u00f3 amb el grup i a connectar individualment amb el propi m\u00f3n sensorial .<\/p>\n<p>Els infants es vinculen a l\u2019ambient sensorial a trav\u00e9s d\u2019accions lligades al proc\u00e9s evolutiu de cada infant com ara omplir, buidar, escampar, separar, recollir, ajuntar, treure,&#8230; per tal d\u2019arribar a aprenentatges cognitius com investigar, classificar, relacionar, ordenar, analitzar, interpretar&#8230;<\/p>\n<p>Les propostes es classifiquen a l\u2019aula per microespais. Aquestes poden ser de llarga o curta durada, depenent de la motivaci\u00f3 de l\u2019alumnat davant de les activitats i\/o materials. Principalment els microespais estan dissenyats de manera multisensorial, \u00e9s a dir, per a que els infants hi puguin desenvolupar m\u00e9s d&#8217;un sentit, no obstant, sempre n&#8217;hi ha un que hi predomina. Per exemple tenim el microespai de l&#8217;olfacte on hi hem ofert capsetes d&#8217;olors; el de la vista on s&#8217;hi desenvolupen els colors i les qualitats, les llums i les ombres; el del tacte tant de les mans, com dels peus i tamb\u00e9 de tota la pell, entre d&#8217;altres. Per qu\u00e8 no hi feu una ullada?<\/p>\n<p><a href=\"https:\/\/photos.app.goo.gl\/AuKbb5LKP99XbgTy9\"><img loading=\"lazy\" decoding=\"async\" class=\"aligncenter size-full wp-image-3697\" src=\"https:\/\/agora.xtec.cat\/ceip-salvador-espriu-roda\/wp-content\/uploads\/usu1367\/2020\/04\/20200114_101305.jpg\" alt=\"\" width=\"433\" height=\"336\" srcset=\"https:\/\/agora.xtec.cat\/ceip-salvador-espriu-roda\/wp-content\/uploads\/usu1367\/2020\/04\/20200114_101305.jpg 433w, https:\/\/agora.xtec.cat\/ceip-salvador-espriu-roda\/wp-content\/uploads\/usu1367\/2020\/04\/20200114_101305-300x233.jpg 300w\" sizes=\"auto, (max-width: 433px) 100vw, 433px\" \/><\/a><\/p>\n","protected":false},"excerpt":{"rendered":"<p>L\u2019ambient sensorial t\u00e9 com a objectiu estimular el coneixement sensorial i perceptiu de cada infant i provocar una actitud investigadora davant del m\u00f3n, que afavoreixi fer-se preguntes, formular-se hip\u00f2tesis, buscar estrat\u00e8gies i donar respostes.<br \/>\nEls nens i nenes experimenten lliurement amb els materials de l\u2019ambient, per&hellip;  <a href=\"https:\/\/agora.xtec.cat\/ceip-salvador-espriu-roda\/general\/que-fem-a-lambient-sensorial\/\" title=\"Read Qu\u00e8 fem a l&#8217;ambient sensorial?\">Llegeix m\u00e9s\u00bb<\/a><\/p>\n","protected":false},"author":1,"featured_media":3697,"comment_status":"open","ping_status":"closed","sticky":false,"template":"","format":"standard","meta":{"_bbp_topic_count":0,"_bbp_reply_count":0,"_bbp_total_topic_count":0,"_bbp_total_reply_count":0,"_bbp_voice_count":0,"_bbp_anonymous_reply_count":0,"_bbp_topic_count_hidden":0,"_bbp_reply_count_hidden":0,"_bbp_forum_subforum_count":0,"footnotes":""},"categories":[66,1,103,105,106,107,104,4,77],"tags":[],"class_list":["post-3696","post","type-post","status-publish","format-standard","has-post-thumbnail","hentry","category-ambients-infantil","category-general","category-hem-fet-a-escola","category-i3","category-i4","category-i5","category-infantil","category-portada","category-projectes"],"post_mailing_queue_ids":[],"_links":{"self":[{"href":"https:\/\/agora.xtec.cat\/ceip-salvador-espriu-roda\/wp-json\/wp\/v2\/posts\/3696","targetHints":{"allow":["GET"]}}],"collection":[{"href":"https:\/\/agora.xtec.cat\/ceip-salvador-espriu-roda\/wp-json\/wp\/v2\/posts"}],"about":[{"href":"https:\/\/agora.xtec.cat\/ceip-salvador-espriu-roda\/wp-json\/wp\/v2\/types\/post"}],"author":[{"embeddable":true,"href":"https:\/\/agora.xtec.cat\/ceip-salvador-espriu-roda\/wp-json\/wp\/v2\/users\/1"}],"replies":[{"embeddable":true,"href":"https:\/\/agora.xtec.cat\/ceip-salvador-espriu-roda\/wp-json\/wp\/v2\/comments?post=3696"}],"version-history":[{"count":1,"href":"https:\/\/agora.xtec.cat\/ceip-salvador-espriu-roda\/wp-json\/wp\/v2\/posts\/3696\/revisions"}],"predecessor-version":[{"id":3698,"href":"https:\/\/agora.xtec.cat\/ceip-salvador-espriu-roda\/wp-json\/wp\/v2\/posts\/3696\/revisions\/3698"}],"wp:featuredmedia":[{"embeddable":true,"href":"https:\/\/agora.xtec.cat\/ceip-salvador-espriu-roda\/wp-json\/wp\/v2\/media\/3697"}],"wp:attachment":[{"href":"https:\/\/agora.xtec.cat\/ceip-salvador-espriu-roda\/wp-json\/wp\/v2\/media?parent=3696"}],"wp:term":[{"taxonomy":"category","embeddable":true,"href":"https:\/\/agora.xtec.cat\/ceip-salvador-espriu-roda\/wp-json\/wp\/v2\/categories?post=3696"},{"taxonomy":"post_tag","embeddable":true,"href":"https:\/\/agora.xtec.cat\/ceip-salvador-espriu-roda\/wp-json\/wp\/v2\/tags?post=3696"}],"curies":[{"name":"wp","href":"https:\/\/api.w.org\/{rel}","templated":true}]}}