{"id":3491,"date":"2020-03-18T10:49:47","date_gmt":"2020-03-18T09:49:47","guid":{"rendered":"http:\/\/agora.xtec.cat\/ceip-salvador-espriu-roda\/?p=3491"},"modified":"2020-03-18T11:28:34","modified_gmt":"2020-03-18T10:28:34","slug":"reciclem-i-cuidem-el-medi-ambient","status":"publish","type":"post","link":"https:\/\/agora.xtec.cat\/ceip-salvador-espriu-roda\/general\/reciclem-i-cuidem-el-medi-ambient\/","title":{"rendered":"Reciclem i cuidem el medi ambient!"},"content":{"rendered":"<p>Ara fa uns quants dies, va venir a P4 la Lolita de l\u2019Ajuntament a realitzar una activitat de medi ambient. <!--more-->Ens va explicar com \u00e9s que hem de reciclar de manera adequada: al contenidor groc els envasos, al verd el vidre i al blau el paper i el cartr\u00f3.<\/p>\n<p>Fam\u00edlies, \u00e9s s\u00faper, mega, ultra important que tothom reciclem per tenir un planeta en millors condicions. Nosaltres a l\u2019escola estem molt conscienciats i ho fem for\u00e7a b\u00e9. Si tothom posem de la nostra part, la Terra ens ho agrair\u00e0.<\/p>\n<p>Podeu mirar a les fotos com la Lolita ens ho va explicar:<\/p>\n<p><a href=\"https:\/\/photos.app.goo.gl\/xNLvGPewDz8B4ep87\"><img loading=\"lazy\" decoding=\"async\" class=\"aligncenter size-full wp-image-3498\" src=\"https:\/\/agora.xtec.cat\/ceip-salvador-espriu-roda\/wp-content\/uploads\/usu1367\/2020\/03\/web-3.jpg\" alt=\"\" width=\"448\" height=\"336\" srcset=\"https:\/\/agora.xtec.cat\/ceip-salvador-espriu-roda\/wp-content\/uploads\/usu1367\/2020\/03\/web-3.jpg 448w, https:\/\/agora.xtec.cat\/ceip-salvador-espriu-roda\/wp-content\/uploads\/usu1367\/2020\/03\/web-3-300x225.jpg 300w, https:\/\/agora.xtec.cat\/ceip-salvador-espriu-roda\/wp-content\/uploads\/usu1367\/2020\/03\/web-3-200x150.jpg 200w\" sizes=\"auto, (max-width: 448px) 100vw, 448px\" \/><\/a><\/p>\n","protected":false},"excerpt":{"rendered":"<p>Ara fa uns quants dies, va venir a P4 la Lolita de l\u2019Ajuntament a realitzar una activitat de medi ambient. <\/p>\n","protected":false},"author":1,"featured_media":3498,"comment_status":"open","ping_status":"closed","sticky":false,"template":"","format":"standard","meta":{"_bbp_topic_count":0,"_bbp_reply_count":0,"_bbp_total_topic_count":0,"_bbp_total_reply_count":0,"_bbp_voice_count":0,"_bbp_anonymous_reply_count":0,"_bbp_topic_count_hidden":0,"_bbp_reply_count_hidden":0,"_bbp_forum_subforum_count":0,"footnotes":""},"categories":[126,1,103,106,104,4,77],"tags":[],"class_list":["post-3491","post","type-post","status-publish","format-standard","has-post-thumbnail","hentry","category-educacio-mediambiental","category-general","category-hem-fet-a-escola","category-i4","category-infantil","category-portada","category-projectes"],"post_mailing_queue_ids":[],"_links":{"self":[{"href":"https:\/\/agora.xtec.cat\/ceip-salvador-espriu-roda\/wp-json\/wp\/v2\/posts\/3491","targetHints":{"allow":["GET"]}}],"collection":[{"href":"https:\/\/agora.xtec.cat\/ceip-salvador-espriu-roda\/wp-json\/wp\/v2\/posts"}],"about":[{"href":"https:\/\/agora.xtec.cat\/ceip-salvador-espriu-roda\/wp-json\/wp\/v2\/types\/post"}],"author":[{"embeddable":true,"href":"https:\/\/agora.xtec.cat\/ceip-salvador-espriu-roda\/wp-json\/wp\/v2\/users\/1"}],"replies":[{"embeddable":true,"href":"https:\/\/agora.xtec.cat\/ceip-salvador-espriu-roda\/wp-json\/wp\/v2\/comments?post=3491"}],"version-history":[{"count":3,"href":"https:\/\/agora.xtec.cat\/ceip-salvador-espriu-roda\/wp-json\/wp\/v2\/posts\/3491\/revisions"}],"predecessor-version":[{"id":3504,"href":"https:\/\/agora.xtec.cat\/ceip-salvador-espriu-roda\/wp-json\/wp\/v2\/posts\/3491\/revisions\/3504"}],"wp:featuredmedia":[{"embeddable":true,"href":"https:\/\/agora.xtec.cat\/ceip-salvador-espriu-roda\/wp-json\/wp\/v2\/media\/3498"}],"wp:attachment":[{"href":"https:\/\/agora.xtec.cat\/ceip-salvador-espriu-roda\/wp-json\/wp\/v2\/media?parent=3491"}],"wp:term":[{"taxonomy":"category","embeddable":true,"href":"https:\/\/agora.xtec.cat\/ceip-salvador-espriu-roda\/wp-json\/wp\/v2\/categories?post=3491"},{"taxonomy":"post_tag","embeddable":true,"href":"https:\/\/agora.xtec.cat\/ceip-salvador-espriu-roda\/wp-json\/wp\/v2\/tags?post=3491"}],"curies":[{"name":"wp","href":"https:\/\/api.w.org\/{rel}","templated":true}]}}