{"id":3358,"date":"2020-02-13T10:45:10","date_gmt":"2020-02-13T09:45:10","guid":{"rendered":"http:\/\/agora.xtec.cat\/ceip-salvador-espriu-roda\/?p=3358"},"modified":"2020-02-13T10:45:10","modified_gmt":"2020-02-13T09:45:10","slug":"festival-final-de-curs-2019","status":"publish","type":"post","link":"https:\/\/agora.xtec.cat\/ceip-salvador-espriu-roda\/general\/festival-final-de-curs-2019\/","title":{"rendered":"Festival final de curs 2019"},"content":{"rendered":"<p>Un altre mes de juny s&#8217;acaba el curs i com sempre el festival \u00e9s el punt on tots i totes ens trobem per acomiadar-nos. Les setmanes pr\u00e8vies s\u00f3n molt intenses i els tutors i especialistes fan un \u00faltim esfor\u00e7 per preparar i gaudir d&#8217;unes actuacions dignes. Els nens i nenes de l&#8217;escola donen el m\u00e0xim per poder oferir a les fam\u00edlies unes coreografies espectaculars que, amb molt esfor\u00e7, han preparat durant diverses setmanes.<\/p>\n<p>Aqu\u00ed us deixem amb el recull de les imatges d&#8217;aquella tarda tan especial. Esperem que les gaudiu tan com vam gaudir nosaltres oferint-vos l&#8217;espectacle.<\/p>\n<p><a href=\"https:\/\/photos.app.goo.gl\/aezL7E9782dNqwHD7\"><img loading=\"lazy\" decoding=\"async\" class=\"aligncenter wp-image-3359\" src=\"https:\/\/agora.xtec.cat\/ceip-salvador-espriu-roda\/wp-content\/uploads\/usu1367\/2020\/02\/IMG_5202-1024x638.jpg\" alt=\"\" width=\"878\" height=\"547\" srcset=\"https:\/\/agora.xtec.cat\/ceip-salvador-espriu-roda\/wp-content\/uploads\/usu1367\/2020\/02\/IMG_5202-1024x638.jpg 1024w, https:\/\/agora.xtec.cat\/ceip-salvador-espriu-roda\/wp-content\/uploads\/usu1367\/2020\/02\/IMG_5202-300x187.jpg 300w, https:\/\/agora.xtec.cat\/ceip-salvador-espriu-roda\/wp-content\/uploads\/usu1367\/2020\/02\/IMG_5202-768x478.jpg 768w\" sizes=\"auto, (max-width: 878px) 100vw, 878px\" \/><\/a><\/p>\n","protected":false},"excerpt":{"rendered":"<p>Un altre mes de juny s&#8217;acaba el curs i com sempre el festival \u00e9s el punt on tots i totes ens trobem per acomiadar-nos. Les setmanes pr\u00e8vies s\u00f3n molt intenses i els tutors i especialistes fan un \u00faltim esfor\u00e7 per preparar i gaudir d&#8217;unes actuacions&hellip;  <a href=\"https:\/\/agora.xtec.cat\/ceip-salvador-espriu-roda\/general\/festival-final-de-curs-2019\/\" title=\"Read Festival final de curs 2019\">Llegeix m\u00e9s\u00bb<\/a><\/p>\n","protected":false},"author":1,"featured_media":3359,"comment_status":"open","ping_status":"closed","sticky":false,"template":"","format":"standard","meta":{"_bbp_topic_count":0,"_bbp_reply_count":0,"_bbp_total_topic_count":0,"_bbp_total_reply_count":0,"_bbp_voice_count":0,"_bbp_anonymous_reply_count":0,"_bbp_topic_count_hidden":0,"_bbp_reply_count_hidden":0,"_bbp_forum_subforum_count":0,"footnotes":""},"categories":[109,110,111,112,113,114,68,73,1,103,105,106,107,104,108],"tags":[],"class_list":["post-3358","post","type-post","status-publish","format-standard","has-post-thumbnail","hentry","category-1r","category-2n","category-3r","category-4t","category-5e","category-6e","category-festes","category-fi-de-curs","category-general","category-hem-fet-a-escola","category-i3","category-i4","category-i5","category-infantil","category-primaria"],"post_mailing_queue_ids":[],"_links":{"self":[{"href":"https:\/\/agora.xtec.cat\/ceip-salvador-espriu-roda\/wp-json\/wp\/v2\/posts\/3358","targetHints":{"allow":["GET"]}}],"collection":[{"href":"https:\/\/agora.xtec.cat\/ceip-salvador-espriu-roda\/wp-json\/wp\/v2\/posts"}],"about":[{"href":"https:\/\/agora.xtec.cat\/ceip-salvador-espriu-roda\/wp-json\/wp\/v2\/types\/post"}],"author":[{"embeddable":true,"href":"https:\/\/agora.xtec.cat\/ceip-salvador-espriu-roda\/wp-json\/wp\/v2\/users\/1"}],"replies":[{"embeddable":true,"href":"https:\/\/agora.xtec.cat\/ceip-salvador-espriu-roda\/wp-json\/wp\/v2\/comments?post=3358"}],"version-history":[{"count":2,"href":"https:\/\/agora.xtec.cat\/ceip-salvador-espriu-roda\/wp-json\/wp\/v2\/posts\/3358\/revisions"}],"predecessor-version":[{"id":3361,"href":"https:\/\/agora.xtec.cat\/ceip-salvador-espriu-roda\/wp-json\/wp\/v2\/posts\/3358\/revisions\/3361"}],"wp:featuredmedia":[{"embeddable":true,"href":"https:\/\/agora.xtec.cat\/ceip-salvador-espriu-roda\/wp-json\/wp\/v2\/media\/3359"}],"wp:attachment":[{"href":"https:\/\/agora.xtec.cat\/ceip-salvador-espriu-roda\/wp-json\/wp\/v2\/media?parent=3358"}],"wp:term":[{"taxonomy":"category","embeddable":true,"href":"https:\/\/agora.xtec.cat\/ceip-salvador-espriu-roda\/wp-json\/wp\/v2\/categories?post=3358"},{"taxonomy":"post_tag","embeddable":true,"href":"https:\/\/agora.xtec.cat\/ceip-salvador-espriu-roda\/wp-json\/wp\/v2\/tags?post=3358"}],"curies":[{"name":"wp","href":"https:\/\/api.w.org\/{rel}","templated":true}]}}