{"id":3335,"date":"2020-02-07T09:51:35","date_gmt":"2020-02-07T08:51:35","guid":{"rendered":"http:\/\/agora.xtec.cat\/ceip-salvador-espriu-roda\/?p=3335"},"modified":"2020-02-07T09:55:30","modified_gmt":"2020-02-07T08:55:30","slug":"celebrem-el-denip","status":"publish","type":"post","link":"https:\/\/agora.xtec.cat\/ceip-salvador-espriu-roda\/general\/celebrem-el-denip\/","title":{"rendered":"Celebrem el DENIP!"},"content":{"rendered":"<p>El dia 30 de gener \u00e9s un dia molt especial a totes les escoles.<!--more--> \u00c9s una celebraci\u00f3 que preparem durant tot el curs ja que no nom\u00e9s la treballem aquest dia, sin\u00f3 que aprenem, juguem i creixem <span style=\"font-family: inherit; font-size: 1em;\">amb ella cada dia.<\/span><\/p>\n<p>Entre tots i totes, vam fer una cadena de desitjos per la pau amb cintes de colors i les vam unir fent una cadena encara m\u00e9s llarga.<\/p>\n<p>A m\u00e9s, vam preparar el ball d&#8217;una can\u00e7\u00f3 molt bonica que es diu &#8220;Somnis d&#8217;infant&#8221;. Aqu\u00ed podeu veure un v\u00eddeo amb el recull de les imatges i del ball que vam fer:<\/p>\n<p><a href=\"https:\/\/photos.app.goo.gl\/obbddwqWcHo9GUmv9\"><img loading=\"lazy\" decoding=\"async\" class=\"aligncenter size-full wp-image-3331\" src=\"https:\/\/agora.xtec.cat\/ceip-salvador-espriu-roda\/wp-content\/uploads\/usu1367\/2020\/02\/IMG_0410.jpg\" alt=\"\" width=\"448\" height=\"299\" srcset=\"https:\/\/agora.xtec.cat\/ceip-salvador-espriu-roda\/wp-content\/uploads\/usu1367\/2020\/02\/IMG_0410.jpg 448w, https:\/\/agora.xtec.cat\/ceip-salvador-espriu-roda\/wp-content\/uploads\/usu1367\/2020\/02\/IMG_0410-300x200.jpg 300w\" sizes=\"auto, (max-width: 448px) 100vw, 448px\" \/><\/a><\/p>\n<p>I en aquesta imatge hi trobareu les fotografies de la jornada i dels preparatius.<\/p>\n<p><a href=\"https:\/\/photos.app.goo.gl\/AgE7QuAwFSPCEz7t9\"><img loading=\"lazy\" decoding=\"async\" class=\"aligncenter wp-image-3339\" src=\"https:\/\/agora.xtec.cat\/ceip-salvador-espriu-roda\/wp-content\/uploads\/usu1367\/2020\/02\/IMG_0540-1024x709.jpg\" alt=\"\" width=\"456\" height=\"316\" \/><\/a><\/p>\n<p>Per cert, entre tots els infants de l&#8217;escola hem canviat el mural del pati de prim\u00e0ria. <span class=\"hiddenGrammarError\">Hem<\/span> combinat diversos dibuixos de l&#8217;il\u00b7lustrador Joan <span class=\"hiddenSpellError\">Turu<\/span> i ens ha quedat un mural impressionant. Aqu\u00ed teniu una mostra del proc\u00e9s i del resultat.<\/p>\n<p>Des d&#8217;aqu\u00ed volem fer un agra\u00efment especial al Joan Turu per deixar-nos fer l&#8217;adaptaci\u00f3 d&#8217;una de les seves il\u00b7lustracions.<\/p>\n<p><a href=\"https:\/\/photos.app.goo.gl\/8iutsHsnZPFqLg1n7\"><img loading=\"lazy\" decoding=\"async\" class=\"aligncenter size-full wp-image-3332\" src=\"https:\/\/agora.xtec.cat\/ceip-salvador-espriu-roda\/wp-content\/uploads\/usu1367\/2020\/02\/IMG_0198.jpg\" alt=\"\" width=\"448\" height=\"299\" srcset=\"https:\/\/agora.xtec.cat\/ceip-salvador-espriu-roda\/wp-content\/uploads\/usu1367\/2020\/02\/IMG_0198.jpg 448w, https:\/\/agora.xtec.cat\/ceip-salvador-espriu-roda\/wp-content\/uploads\/usu1367\/2020\/02\/IMG_0198-300x200.jpg 300w\" sizes=\"auto, (max-width: 448px) 100vw, 448px\" \/><\/a><\/p>\n","protected":false},"excerpt":{"rendered":"<p>El dia 30 de gener \u00e9s un dia molt especial a totes les escoles.<\/p>\n","protected":false},"author":1,"featured_media":3339,"comment_status":"open","ping_status":"closed","sticky":false,"template":"","format":"standard","meta":{"_bbp_topic_count":0,"_bbp_reply_count":0,"_bbp_total_topic_count":0,"_bbp_total_reply_count":0,"_bbp_voice_count":0,"_bbp_anonymous_reply_count":0,"_bbp_topic_count_hidden":0,"_bbp_reply_count_hidden":0,"_bbp_forum_subforum_count":0,"footnotes":""},"categories":[71,68,1,55,4],"tags":[],"class_list":["post-3335","post","type-post","status-publish","format-standard","has-post-thumbnail","hentry","category-dia-de-la-pau","category-festes","category-general","category-informacions-diverses","category-portada"],"post_mailing_queue_ids":[],"_links":{"self":[{"href":"https:\/\/agora.xtec.cat\/ceip-salvador-espriu-roda\/wp-json\/wp\/v2\/posts\/3335","targetHints":{"allow":["GET"]}}],"collection":[{"href":"https:\/\/agora.xtec.cat\/ceip-salvador-espriu-roda\/wp-json\/wp\/v2\/posts"}],"about":[{"href":"https:\/\/agora.xtec.cat\/ceip-salvador-espriu-roda\/wp-json\/wp\/v2\/types\/post"}],"author":[{"embeddable":true,"href":"https:\/\/agora.xtec.cat\/ceip-salvador-espriu-roda\/wp-json\/wp\/v2\/users\/1"}],"replies":[{"embeddable":true,"href":"https:\/\/agora.xtec.cat\/ceip-salvador-espriu-roda\/wp-json\/wp\/v2\/comments?post=3335"}],"version-history":[{"count":3,"href":"https:\/\/agora.xtec.cat\/ceip-salvador-espriu-roda\/wp-json\/wp\/v2\/posts\/3335\/revisions"}],"predecessor-version":[{"id":3345,"href":"https:\/\/agora.xtec.cat\/ceip-salvador-espriu-roda\/wp-json\/wp\/v2\/posts\/3335\/revisions\/3345"}],"wp:featuredmedia":[{"embeddable":true,"href":"https:\/\/agora.xtec.cat\/ceip-salvador-espriu-roda\/wp-json\/wp\/v2\/media\/3339"}],"wp:attachment":[{"href":"https:\/\/agora.xtec.cat\/ceip-salvador-espriu-roda\/wp-json\/wp\/v2\/media?parent=3335"}],"wp:term":[{"taxonomy":"category","embeddable":true,"href":"https:\/\/agora.xtec.cat\/ceip-salvador-espriu-roda\/wp-json\/wp\/v2\/categories?post=3335"},{"taxonomy":"post_tag","embeddable":true,"href":"https:\/\/agora.xtec.cat\/ceip-salvador-espriu-roda\/wp-json\/wp\/v2\/tags?post=3335"}],"curies":[{"name":"wp","href":"https:\/\/api.w.org\/{rel}","templated":true}]}}