{"id":3271,"date":"2020-01-24T12:18:17","date_gmt":"2020-01-24T11:18:17","guid":{"rendered":"http:\/\/agora.xtec.cat\/ceip-salvador-espriu-roda\/?p=3271"},"modified":"2020-01-28T10:51:50","modified_gmt":"2020-01-28T09:51:50","slug":"preparem-un-viatge","status":"publish","type":"post","link":"https:\/\/agora.xtec.cat\/ceip-salvador-espriu-roda\/general\/preparem-un-viatge\/","title":{"rendered":"Preparem un viatge?"},"content":{"rendered":"<p>El passat divendres 17 de gener, un grup de practicants de la Universitat Rovira i Virgili <!--more-->van venir a presentar una activitat molt xula de racons matem\u00e0tics als nens i nenes de P5. Vam poder practicar el compteig, el c\u00e0lcul i la classificaci\u00f3 entre d&#8217;altres mentre ens divertiem organitzant un viatge!<\/p>\n<p>Moltes gr\u00e0cies noies, sereu unes grans mestres!<\/p>\n<p><a href=\"https:\/\/photos.app.goo.gl\/jj9gFF8yGno7Jd7M9\"><img loading=\"lazy\" decoding=\"async\" class=\"aligncenter size-full wp-image-3272\" src=\"https:\/\/agora.xtec.cat\/ceip-salvador-espriu-roda\/wp-content\/uploads\/usu1367\/2020\/01\/IMG_5992.jpg\" alt=\"\" width=\"448\" height=\"336\" srcset=\"https:\/\/agora.xtec.cat\/ceip-salvador-espriu-roda\/wp-content\/uploads\/usu1367\/2020\/01\/IMG_5992.jpg 448w, https:\/\/agora.xtec.cat\/ceip-salvador-espriu-roda\/wp-content\/uploads\/usu1367\/2020\/01\/IMG_5992-300x225.jpg 300w, https:\/\/agora.xtec.cat\/ceip-salvador-espriu-roda\/wp-content\/uploads\/usu1367\/2020\/01\/IMG_5992-200x150.jpg 200w\" sizes=\"auto, (max-width: 448px) 100vw, 448px\" \/><\/a><\/p>\n","protected":false},"excerpt":{"rendered":"<p>El passat divendres 17 de gener, un grup de practicants de la Universitat Rovira i Virgili <\/p>\n","protected":false},"author":1,"featured_media":3272,"comment_status":"open","ping_status":"closed","sticky":false,"template":"","format":"standard","meta":{"_bbp_topic_count":0,"_bbp_reply_count":0,"_bbp_total_topic_count":0,"_bbp_total_reply_count":0,"_bbp_voice_count":0,"_bbp_anonymous_reply_count":0,"_bbp_topic_count_hidden":0,"_bbp_reply_count_hidden":0,"_bbp_forum_subforum_count":0,"footnotes":""},"categories":[79,1,103,107,104,4],"tags":[],"class_list":["post-3271","post","type-post","status-publish","format-standard","has-post-thumbnail","hentry","category-escola-formadora","category-general","category-hem-fet-a-escola","category-i5","category-infantil","category-portada"],"post_mailing_queue_ids":[],"_links":{"self":[{"href":"https:\/\/agora.xtec.cat\/ceip-salvador-espriu-roda\/wp-json\/wp\/v2\/posts\/3271","targetHints":{"allow":["GET"]}}],"collection":[{"href":"https:\/\/agora.xtec.cat\/ceip-salvador-espriu-roda\/wp-json\/wp\/v2\/posts"}],"about":[{"href":"https:\/\/agora.xtec.cat\/ceip-salvador-espriu-roda\/wp-json\/wp\/v2\/types\/post"}],"author":[{"embeddable":true,"href":"https:\/\/agora.xtec.cat\/ceip-salvador-espriu-roda\/wp-json\/wp\/v2\/users\/1"}],"replies":[{"embeddable":true,"href":"https:\/\/agora.xtec.cat\/ceip-salvador-espriu-roda\/wp-json\/wp\/v2\/comments?post=3271"}],"version-history":[{"count":2,"href":"https:\/\/agora.xtec.cat\/ceip-salvador-espriu-roda\/wp-json\/wp\/v2\/posts\/3271\/revisions"}],"predecessor-version":[{"id":3290,"href":"https:\/\/agora.xtec.cat\/ceip-salvador-espriu-roda\/wp-json\/wp\/v2\/posts\/3271\/revisions\/3290"}],"wp:featuredmedia":[{"embeddable":true,"href":"https:\/\/agora.xtec.cat\/ceip-salvador-espriu-roda\/wp-json\/wp\/v2\/media\/3272"}],"wp:attachment":[{"href":"https:\/\/agora.xtec.cat\/ceip-salvador-espriu-roda\/wp-json\/wp\/v2\/media?parent=3271"}],"wp:term":[{"taxonomy":"category","embeddable":true,"href":"https:\/\/agora.xtec.cat\/ceip-salvador-espriu-roda\/wp-json\/wp\/v2\/categories?post=3271"},{"taxonomy":"post_tag","embeddable":true,"href":"https:\/\/agora.xtec.cat\/ceip-salvador-espriu-roda\/wp-json\/wp\/v2\/tags?post=3271"}],"curies":[{"name":"wp","href":"https:\/\/api.w.org\/{rel}","templated":true}]}}