{"id":3262,"date":"2020-01-24T11:27:45","date_gmt":"2020-01-24T10:27:45","guid":{"rendered":"http:\/\/agora.xtec.cat\/ceip-salvador-espriu-roda\/?p=3262"},"modified":"2020-01-28T10:52:46","modified_gmt":"2020-01-28T09:52:46","slug":"ssmm-han-passat-per-les-nostres-classes","status":"publish","type":"post","link":"https:\/\/agora.xtec.cat\/ceip-salvador-espriu-roda\/general\/ssmm-han-passat-per-les-nostres-classes\/","title":{"rendered":"SSMM han passat per les nostres classes!"},"content":{"rendered":"<p>A la tornada de les vacances de Nadal, els nens i nenes d&#8217;educaci\u00f3 infantil vam tenir una sorpresa molt gran. <!--more-->Vam descobrir que els Reis tamb\u00e9 havien passat per les nostres classes i ens havien deixat regals!<\/p>\n<p>Com que s\u00f3n molt savis, ja van veure que necessit\u00e0vem joguines noves pels ambients i&#8230; ens en van portar unes de molt xules! A m\u00e9s, tamb\u00e9 ens van portar material que tamb\u00e9 ens feia falta a la classe com llapis nous, gomes, plastilina&#8230;<\/p>\n<p>Quina sorpresa m\u00e9s xula!<\/p>\n<p><a href=\"https:\/\/photos.app.goo.gl\/Vz8PA4UDtPN2Mj7J9\"><img loading=\"lazy\" decoding=\"async\" class=\"aligncenter wp-image-3263\" src=\"https:\/\/agora.xtec.cat\/ceip-salvador-espriu-roda\/wp-content\/uploads\/usu1367\/2020\/01\/IMG-20200109-WA0005-1024x768.jpg\" alt=\"\" width=\"316\" height=\"237\" srcset=\"https:\/\/agora.xtec.cat\/ceip-salvador-espriu-roda\/wp-content\/uploads\/usu1367\/2020\/01\/IMG-20200109-WA0005-1024x768.jpg 1024w, https:\/\/agora.xtec.cat\/ceip-salvador-espriu-roda\/wp-content\/uploads\/usu1367\/2020\/01\/IMG-20200109-WA0005-300x225.jpg 300w, https:\/\/agora.xtec.cat\/ceip-salvador-espriu-roda\/wp-content\/uploads\/usu1367\/2020\/01\/IMG-20200109-WA0005-768x576.jpg 768w, https:\/\/agora.xtec.cat\/ceip-salvador-espriu-roda\/wp-content\/uploads\/usu1367\/2020\/01\/IMG-20200109-WA0005-200x150.jpg 200w, https:\/\/agora.xtec.cat\/ceip-salvador-espriu-roda\/wp-content\/uploads\/usu1367\/2020\/01\/IMG-20200109-WA0005.jpg 1600w\" sizes=\"auto, (max-width: 316px) 100vw, 316px\" \/><\/a><\/p>\n","protected":false},"excerpt":{"rendered":"<p>A la tornada de les vacances de Nadal, els nens i nenes d&#8217;educaci\u00f3 infantil vam tenir una sorpresa molt gran. <\/p>\n","protected":false},"author":1,"featured_media":3263,"comment_status":"open","ping_status":"closed","sticky":false,"template":"","format":"standard","meta":{"_bbp_topic_count":0,"_bbp_reply_count":0,"_bbp_total_topic_count":0,"_bbp_total_reply_count":0,"_bbp_voice_count":0,"_bbp_anonymous_reply_count":0,"_bbp_topic_count_hidden":0,"_bbp_reply_count_hidden":0,"_bbp_forum_subforum_count":0,"footnotes":""},"categories":[1,103,105,106,107,104,4],"tags":[],"class_list":["post-3262","post","type-post","status-publish","format-standard","has-post-thumbnail","hentry","category-general","category-hem-fet-a-escola","category-i3","category-i4","category-i5","category-infantil","category-portada"],"post_mailing_queue_ids":[],"_links":{"self":[{"href":"https:\/\/agora.xtec.cat\/ceip-salvador-espriu-roda\/wp-json\/wp\/v2\/posts\/3262","targetHints":{"allow":["GET"]}}],"collection":[{"href":"https:\/\/agora.xtec.cat\/ceip-salvador-espriu-roda\/wp-json\/wp\/v2\/posts"}],"about":[{"href":"https:\/\/agora.xtec.cat\/ceip-salvador-espriu-roda\/wp-json\/wp\/v2\/types\/post"}],"author":[{"embeddable":true,"href":"https:\/\/agora.xtec.cat\/ceip-salvador-espriu-roda\/wp-json\/wp\/v2\/users\/1"}],"replies":[{"embeddable":true,"href":"https:\/\/agora.xtec.cat\/ceip-salvador-espriu-roda\/wp-json\/wp\/v2\/comments?post=3262"}],"version-history":[{"count":2,"href":"https:\/\/agora.xtec.cat\/ceip-salvador-espriu-roda\/wp-json\/wp\/v2\/posts\/3262\/revisions"}],"predecessor-version":[{"id":3292,"href":"https:\/\/agora.xtec.cat\/ceip-salvador-espriu-roda\/wp-json\/wp\/v2\/posts\/3262\/revisions\/3292"}],"wp:featuredmedia":[{"embeddable":true,"href":"https:\/\/agora.xtec.cat\/ceip-salvador-espriu-roda\/wp-json\/wp\/v2\/media\/3263"}],"wp:attachment":[{"href":"https:\/\/agora.xtec.cat\/ceip-salvador-espriu-roda\/wp-json\/wp\/v2\/media?parent=3262"}],"wp:term":[{"taxonomy":"category","embeddable":true,"href":"https:\/\/agora.xtec.cat\/ceip-salvador-espriu-roda\/wp-json\/wp\/v2\/categories?post=3262"},{"taxonomy":"post_tag","embeddable":true,"href":"https:\/\/agora.xtec.cat\/ceip-salvador-espriu-roda\/wp-json\/wp\/v2\/tags?post=3262"}],"curies":[{"name":"wp","href":"https:\/\/api.w.org\/{rel}","templated":true}]}}