{"id":3188,"date":"2019-12-10T17:09:12","date_gmt":"2019-12-10T16:09:12","guid":{"rendered":"http:\/\/agora.xtec.cat\/ceip-salvador-espriu-roda\/?p=3188"},"modified":"2020-01-10T10:35:38","modified_gmt":"2020-01-10T09:35:38","slug":"com-ens-agrada-aprendre-jugant","status":"publish","type":"post","link":"https:\/\/agora.xtec.cat\/ceip-salvador-espriu-roda\/general\/com-ens-agrada-aprendre-jugant\/","title":{"rendered":"Com ens agrada aprendre jugant!"},"content":{"rendered":"<p>Les nenes i els nens de P3 ja hem superat el proc\u00e9s d\u2019adaptaci\u00f3 i ara hem comen\u00e7at a realitzar diferents aprenentatges.<!--more--> Treballem les rutines de l\u2019aula per crear h\u00e0bits i organitzar el dia a dia, fomentem l\u2019autonomia, treballem la motricitat fina amb diversos materials, ens endinsem en el m\u00f3n de les lletres a trav\u00e9s del nom dels infants i paraules conegudes, descobrim les matem\u00e0tiques manipulatives&#8230; i sobretot juguem molt\u00edssim, ja que el joc \u00e9s la millor eina d\u2019aprenentatge.<\/p>\n<p>Mireu com gaudim!<\/p>\n<p><a href=\"https:\/\/photos.app.goo.gl\/QESESGDmXresh5ms7\"><img loading=\"lazy\" decoding=\"async\" class=\"aligncenter wp-image-3189\" src=\"https:\/\/agora.xtec.cat\/ceip-salvador-espriu-roda\/wp-content\/uploads\/usu1367\/2019\/12\/IMG_8676.jpg\" alt=\"\" width=\"427\" height=\"320\" srcset=\"https:\/\/agora.xtec.cat\/ceip-salvador-espriu-roda\/wp-content\/uploads\/usu1367\/2019\/12\/IMG_8676.jpg 640w, https:\/\/agora.xtec.cat\/ceip-salvador-espriu-roda\/wp-content\/uploads\/usu1367\/2019\/12\/IMG_8676-300x225.jpg 300w, https:\/\/agora.xtec.cat\/ceip-salvador-espriu-roda\/wp-content\/uploads\/usu1367\/2019\/12\/IMG_8676-200x150.jpg 200w\" sizes=\"auto, (max-width: 427px) 100vw, 427px\" \/><\/a><\/p>\n","protected":false},"excerpt":{"rendered":"<p>Les nenes i els nens de P3 ja hem superat el proc\u00e9s d\u2019adaptaci\u00f3 i ara hem comen\u00e7at a realitzar diferents aprenentatges.<\/p>\n","protected":false},"author":1,"featured_media":3189,"comment_status":"open","ping_status":"closed","sticky":false,"template":"","format":"standard","meta":{"_bbp_topic_count":0,"_bbp_reply_count":0,"_bbp_total_topic_count":0,"_bbp_total_reply_count":0,"_bbp_voice_count":0,"_bbp_anonymous_reply_count":0,"_bbp_topic_count_hidden":0,"_bbp_reply_count_hidden":0,"_bbp_forum_subforum_count":0,"footnotes":""},"categories":[1,103,105,104,4],"tags":[],"class_list":["post-3188","post","type-post","status-publish","format-standard","has-post-thumbnail","hentry","category-general","category-hem-fet-a-escola","category-i3","category-infantil","category-portada"],"post_mailing_queue_ids":[],"_links":{"self":[{"href":"https:\/\/agora.xtec.cat\/ceip-salvador-espriu-roda\/wp-json\/wp\/v2\/posts\/3188","targetHints":{"allow":["GET"]}}],"collection":[{"href":"https:\/\/agora.xtec.cat\/ceip-salvador-espriu-roda\/wp-json\/wp\/v2\/posts"}],"about":[{"href":"https:\/\/agora.xtec.cat\/ceip-salvador-espriu-roda\/wp-json\/wp\/v2\/types\/post"}],"author":[{"embeddable":true,"href":"https:\/\/agora.xtec.cat\/ceip-salvador-espriu-roda\/wp-json\/wp\/v2\/users\/1"}],"replies":[{"embeddable":true,"href":"https:\/\/agora.xtec.cat\/ceip-salvador-espriu-roda\/wp-json\/wp\/v2\/comments?post=3188"}],"version-history":[{"count":2,"href":"https:\/\/agora.xtec.cat\/ceip-salvador-espriu-roda\/wp-json\/wp\/v2\/posts\/3188\/revisions"}],"predecessor-version":[{"id":3213,"href":"https:\/\/agora.xtec.cat\/ceip-salvador-espriu-roda\/wp-json\/wp\/v2\/posts\/3188\/revisions\/3213"}],"wp:featuredmedia":[{"embeddable":true,"href":"https:\/\/agora.xtec.cat\/ceip-salvador-espriu-roda\/wp-json\/wp\/v2\/media\/3189"}],"wp:attachment":[{"href":"https:\/\/agora.xtec.cat\/ceip-salvador-espriu-roda\/wp-json\/wp\/v2\/media?parent=3188"}],"wp:term":[{"taxonomy":"category","embeddable":true,"href":"https:\/\/agora.xtec.cat\/ceip-salvador-espriu-roda\/wp-json\/wp\/v2\/categories?post=3188"},{"taxonomy":"post_tag","embeddable":true,"href":"https:\/\/agora.xtec.cat\/ceip-salvador-espriu-roda\/wp-json\/wp\/v2\/tags?post=3188"}],"curies":[{"name":"wp","href":"https:\/\/api.w.org\/{rel}","templated":true}]}}